{"id":551324,"date":"2022-06-27T00:10:17","date_gmt":"2022-06-27T05:10:17","guid":{"rendered":"https:\/\/www.diarioimagen.net\/?p=551324"},"modified":"2022-06-27T00:42:55","modified_gmt":"2022-06-27T05:42:55","slug":"monreal-llama-a-la-unidad","status":"publish","type":"post","link":"https:\/\/www.diarioimagen.net\/?p=551324","title":{"rendered":"Monreal llama a la unidad"},"content":{"rendered":"<h2>De frente y de perfil<\/h2>\n<h5>Ram\u00f3n Zurita Sahag\u00fan<\/h5>\n<p>&nbsp;<\/p>\n<p>Ricardo Monreal \u00c1vila se mantiene en plan conciliador, esperando que su partido se rija por los ordenamientos legales y no incurra en violaciones de ning\u00fan tipo en la selecci\u00f3n de su candidato presidencial.<\/p>\n<p>El coordinador de los senadores de Morena les recuerda a dirigentes y militantes del partido Morena que \u00e9ste debe mantenerse, con posiciones m\u00e1s claras, en los nuevos problemas que aquejan al pa\u00eds.<\/p>\n<p>Debemos ir m\u00e1s all\u00e1 de lo electoral, dijo el considerado comod\u00edn de la baraja de Movimiento Regeneraci\u00f3n Nacional, llamando la atenci\u00f3n para dejar de lado lo electoral y concentrarse en la soluci\u00f3n de los problemas.<\/p>\n<p>El senador aprovech\u00f3 la invitaci\u00f3n realizada por Mario Delgado para acudir a la zona lagunera de Coahuila, en donde se efectu\u00f3 un mitin, para dar principio a lo que se planea sea el inicio de la escalada a la conquista del gobierno del estado, cuya elecci\u00f3n habr\u00e1 de efectuarse en junio del a\u00f1o pr\u00f3ximo.<\/p>\n<p>Lejos estuvo este evento de la parafernalia del realizado en Toluca hace un par de semanas y que se consider\u00f3 como el arranque de las precampa\u00f1as de los aspirantes presidenciales.<\/p>\n<p>Con la invitaci\u00f3n del dirigente nacional de Morena y con los gritos alentadores lanzados por \u201cespont\u00e1neos\u201d de presidente, presidente, presidente, en favor de Monreal, se considera cubierto el expediente de lo que se consider\u00f3 como una afrenta en contra del zacatecano en su no invitaci\u00f3n al mitin de Toluca.<\/p>\n<p>Sin embargo, Monreal \u00c1vila sabe aprovechar cada uno de los pocos espacios que le son cedidos por su partido para tratar de convencer al auditorio que lo escucha que \u00e9l debe ser el candidato oficial de su partido.<\/p>\n<p>Sabe sacar ventaja de esos pocos momentos y lanza propuestas y convocatorias que deben ser consideradas como interesantes y que mueven a la reflexi\u00f3n.<\/p>\n<p>En la zona lagunera exhort\u00f3 a su partido para fijar reglas claras, sin violar la ley, recordando que ellos fueron pisoteados por el gobierno anterior, por lo que se debe evitar cometer los mismos errores.<\/p>\n<p>Morena debe actuar con apego a la legalidad y mantener claro que, en materia de democracia, los militantes de Morena y aspirantes a cargos de elecci\u00f3n popular \u201cni nos vamos a rajar, ni nos vamos a dejar\u201d.<\/p>\n<p>En un llamado a la unidad, el aspirante presidencial expuso que en la lucha por la transformaci\u00f3n se necesita a todos, unos a otros, todos son indispensables y nadie sobre el Movimiento al que pertenecen.<\/p>\n<p>Monreal \u00c1vila resalt\u00f3 la urgencia de generar las condiciones necesarias para la unidad y mantener la cohesi\u00f3n al interior de Movimiento Regeneraci\u00f3n Nacional.<\/p>\n<p>Y es que desde el momento en que el Presidente dio el banderazo de salida a las que dio en llamar \u201ccorcholatas\u201d se ha visto que no todo es color de rosa, como pintan algunos y que la disputa por la candidatura presidencial puede arrojar saldos lamentables a la hora de la decisi\u00f3n.<\/p>\n<p>Hasta el momento, Claudia Sheinbaum, Ad\u00e1n Augusto L\u00f3pez y Marcelo Ebrard se mantienen dentro del primer grupo de favoritos para abanderar al partido en la contienda del 2024, luego viene Ricardo Monreal como el comod\u00edn y muy lejos se encuentran otras piezas que son solamente material de acompa\u00f1amiento entre las que se ubican Juan Ram\u00f3n de la Fuente, Roc\u00edo Nahle, Tatiana Clouthier y Esteban Moctezuma.<\/p>\n<p>Por lo pronto, Ricardo Monreal se mantiene vigente dentro de este escenario, en el que no est\u00e1 considerado entre los principales prospectos que resaltan las encuestas y hasta el Presidente lo encarta y descarta a placer dentro del mismo plano, el zacatecano va sumando adeptos en sus desplazamientos por parte del territorio nacional.<\/p>\n<p style=\"text-align: center;\">*****<\/p>\n<p>Por supuesto que saborear los gritos de \u201cespont\u00e1neos\u201d que lo vitoreaban no le dur\u00f3 demasiado a Ricardo Monreal, ya que, en otro de los m\u00edtines, Claudia Sheinbaum recibi\u00f3 las mismas exclamaciones en otro punto de la zona lagunera de Coahuila&#8230; Los fines de semana se est\u00e1n convirtiendo en d\u00edas acordes para que la delincuencia infrinja la ley, los asesinatos se multiplican y por igual, civiles, delincuentes y polic\u00edas son masacrados, sin piedad.<\/p>\n<p><a href=\"mailto:ramonzurita44@hotmail.com\" target=\"_blank\" rel=\"noopener noreferrer\"><em>ramonzurita44@hotmail.com<\/em><\/a><\/p>\n","protected":false},"excerpt":{"rendered":"<p><span style=\"color: #005497;\"><strong>Ram\u00f3n Zurita Sahag\u00fan<\/strong><\/span><\/p>\n","protected":false},"author":3,"featured_media":0,"comment_status":"open","ping_status":"open","sticky":false,"template":"","format":"standard","meta":{"_monsterinsights_skip_tracking":false,"_monsterinsights_sitenote_active":false,"_monsterinsights_sitenote_note":"","_monsterinsights_sitenote_category":0,"footnotes":""},"categories":[234],"tags":[304,43674,43687],"class_list":["post-551324","post","type-post","status-publish","format-standard","hentry","category-ramon-zurita-sahagun","tag-de-frente-y-de-perfil","tag-opinion","tag-ramon-zurita-sahagun"],"_links":{"self":[{"href":"https:\/\/www.diarioimagen.net\/index.php?rest_route=\/wp\/v2\/posts\/551324","targetHints":{"allow":["GET"]}}],"collection":[{"href":"https:\/\/www.diarioimagen.net\/index.php?rest_route=\/wp\/v2\/posts"}],"about":[{"href":"https:\/\/www.diarioimagen.net\/index.php?rest_route=\/wp\/v2\/types\/post"}],"author":[{"embeddable":true,"href":"https:\/\/www.diarioimagen.net\/index.php?rest_route=\/wp\/v2\/users\/3"}],"replies":[{"embeddable":true,"href":"https:\/\/www.diarioimagen.net\/index.php?rest_route=%2Fwp%2Fv2%2Fcomments&post=551324"}],"version-history":[{"count":0,"href":"https:\/\/www.diarioimagen.net\/index.php?rest_route=\/wp\/v2\/posts\/551324\/revisions"}],"wp:attachment":[{"href":"https:\/\/www.diarioimagen.net\/index.php?rest_route=%2Fwp%2Fv2%2Fmedia&parent=551324"}],"wp:term":[{"taxonomy":"category","embeddable":true,"href":"https:\/\/www.diarioimagen.net\/index.php?rest_route=%2Fwp%2Fv2%2Fcategories&post=551324"},{"taxonomy":"post_tag","embeddable":true,"href":"https:\/\/www.diarioimagen.net\/index.php?rest_route=%2Fwp%2Fv2%2Ftags&post=551324"}],"curies":[{"name":"wp","href":"https:\/\/api.w.org\/{rel}","templated":true}]}}