{"id":551341,"date":"2022-06-27T00:08:20","date_gmt":"2022-06-27T05:08:20","guid":{"rendered":"https:\/\/www.diarioimagen.net\/?p=551341"},"modified":"2022-06-27T01:10:25","modified_gmt":"2022-06-27T06:10:25","slug":"piden-cabezas-de-lideres-partidistas","status":"publish","type":"post","link":"https:\/\/www.diarioimagen.net\/?p=551341","title":{"rendered":"Piden \u201ccabezas\u201d de l\u00edderes partidistas"},"content":{"rendered":"<h2>Punto por punto<\/h2>\n<h5>Augusto Corro<\/h5>\n<p>&nbsp;<\/p>\n<p>Conforme se avance a la contienda electoral de 2024, en los partidos pol\u00edticos se incrementar\u00e1n las luchas internas y se buscar\u00e1n ajustes en sus dirigencias. Por ejemplo, en el partido Movimiento Regeneraci\u00f3n Nacional (Morena) ya empezaron a pedir la cabeza del presidente y de la secretaria general de ese instituto pol\u00edtico, Mario Delgado y Citlalli Hern\u00e1ndez, respectivamente. En el Partido Revolucionario Institucional (PRI) crece la pugna entre su l\u00edder, el diputado Alejandro Moreno C\u00e1rdenas (a) \u201cAlito\u201d y los ex dirigentes del tricolor; en Acci\u00f3n Nacional la c\u00fapula partidista a\u00fan no se conforma con tener como gu\u00eda a Marko Cort\u00e9s.<\/p>\n<p>El acad\u00e9mico John Ackerman tambi\u00e9n protest\u00f3 contra los l\u00edderes del partido guinda. En conferencia de prensa, el citado Ackerman, que encabeza un grupo disidente de Morena, denominado Convenci\u00f3n Nacional Morenista, dijo que el Tercer Congreso Nacional Ordinario de Morena s\u00f3lo pretende consolidar el autoritarismo de Delgado y Hern\u00e1ndez, por lo que exigieron la renuncia de ambos.\u00a0 Adem\u00e1s, se\u00f1al\u00f3 a la directiva actual de \u201ctraicionar a la militancia\u201d e intentar dar un \u201cgolpe de Estado t\u00e9cnico con fines de perpetuarse en el poder\u201d. Tambi\u00e9n acus\u00f3 a la directiva guinda de que \u201cla convocatoria al Tercer Congreso Nacional Ordinario de Morena tiene la clara intenci\u00f3n de consolidar el control autoritario de la c\u00fapula del partido y desaparecer a la militancia m\u00e1s digna y congruente que lo construy\u00f3\u201d.<\/p>\n<p>Los morenistas que estuvieron en la mencionada conferencia refrendaron su rechazo contra Delgado y Citlalli con gritos de \u201c!fuera!, \u00a1fuera!\u201d. En fin, una posible renovaci\u00f3n interna de Morena no ser\u00e1 f\u00e1cil. La divisi\u00f3n interna podr\u00eda agudizarse en los pr\u00f3ximos meses, cuando empiecen a definirse los diferentes grupos a favor de las \u201ccorcholatas\u201d que aspiran a participar en la contienda electoral presidencial de 2024. Entre los precandidatos oficiales, tambi\u00e9n se encuentran aquellos que quieren ser candidatos, pero al margen de la designaci\u00f3n presidencial, como es el caso del senador guinda, Ricardo Monreal, quien est\u00e1 en que anuncia dejar el partido y luego rectifica.<\/p>\n<p>Cabe preguntar cu\u00e1nto durar\u00e1 la unidad en Morena, una vez que se defina la situaci\u00f3n del partido frente a la elecci\u00f3n presidencial de 2024, para definir el m\u00e9todo de selecci\u00f3n basado en encuestas, que no a todos convencen. En Morena no todo es armon\u00eda y paz. La militancia guinda tendr\u00e1 que estar preparada para evitar el divisionismo, que sigue como amenaza latente en las organizaciones de izquierda. A Morena le espera una intensa actividad pol\u00edtica que empieza a mostrarse.<\/p>\n<p>En el Partido Revolucionario Institucional (PRI) la lucha interna es intensa y sin tregua. El l\u00edder del partido, Alejandro Moreno C\u00e1rdenas (a) \u201cAlito\u201d, rechaz\u00f3 una segunda reuni\u00f3n con la c\u00fapula del tricolor. Dijo no a los jerarcas de esa organizaci\u00f3n pol\u00edtica que quieren la renuncia de Moreno C\u00e1rdenas, ex gobernador de Campeche y ahora diputado. \u201cAlito\u201d est\u00e1 aferrado a continuar al frente del PRI e inclusive ya se \u201cautodestap\u00f3\u201d como precandidato a las elecciones presidenciales de 2024. A pesar de ser un caso perdido, el legislador priista es defendido por los dirigentes del PAN y PRD, Marko Cort\u00e9s y Jes\u00fas Zambrano (a) \u201cEl Chucho\u201d, uno de los due\u00f1os del partido del sol azteca.<\/p>\n<p>El ex secretario de Gobernaci\u00f3n en el sexenio de Enrique Pe\u00f1a Nieto, Miguel Osorio Chong, ahora senador priista, se pronunci\u00f3 contra el dirigente tricolor, Alejandro Moreno C\u00e1rdenas, a quien tach\u00f3 de incumplir sus promesas, por lo que asegur\u00f3 que mantiene su exigencia de que no solo deje la dirigencia, sino que renuncie al partido. Recalc\u00f3 el ex funcionario, en una entrevista, que los ex dirigentes del tricolor seguir\u00e1n con la exigencia de que \u201cAlito\u201d se vaya del PRI, adem\u00e1s de que no coordine las decisiones con sus aliados del PAN y PRD en la alianza \u201cVa por M\u00e9xico\u201d. Luego critic\u00f3 que \u201cAlito\u201d no cumpla sus compromisos. Este pleito apenas empieza.<\/p>\n<p>El senador y ex dirigente nacional del PAN, Gustavo Madero, afirm\u00f3 que no s\u00f3lo la dirigencia de Alejandro Moreno (a) \u201cAlito\u201d en el PRI est\u00e1 en peligro, ya que pidi\u00f3 una revisi\u00f3n a la de Marko Cort\u00e9s. En las elecciones pasadas, a la oposici\u00f3n pol\u00edtica le fue mal y ser\u00e1 necesario que alguien rinda cuentas de las derrotas y fracasos. Recientemente, el a\u00fan gobernador panista de Aguascalientes, Mart\u00edn Orozco, se\u00f1al\u00f3, con claridad, la necesidad de hacer un relevo en la dirigencia blanquiazul que actualmente ocupa el citado Marko Cort\u00e9s, que \u201cle hace el juego a AMLO\u201d y eso se nota en los resultados.<\/p>\n<p>\u00bfUsted qu\u00e9 opina amable lector?<\/p>\n<p><a href=\"mailto:aco2742@hotmail.com\" target=\"_blank\" rel=\"noopener noreferrer\"><em>aco2742@hotmail.com<\/em><\/a><\/p>\n","protected":false},"excerpt":{"rendered":"<p><span style=\"color: #005497;\"><strong>Augusto Corro<\/strong><\/span><\/p>\n","protected":false},"author":3,"featured_media":0,"comment_status":"open","ping_status":"open","sticky":false,"template":"","format":"standard","meta":{"_monsterinsights_skip_tracking":false,"_monsterinsights_sitenote_active":false,"_monsterinsights_sitenote_note":"","_monsterinsights_sitenote_category":0,"footnotes":""},"categories":[157],"tags":[43686,43674,11515],"class_list":["post-551341","post","type-post","status-publish","format-standard","hentry","category-augusto-corro","tag-augusto-corro","tag-opinion","tag-punto-por-punto"],"_links":{"self":[{"href":"https:\/\/www.diarioimagen.net\/index.php?rest_route=\/wp\/v2\/posts\/551341","targetHints":{"allow":["GET"]}}],"collection":[{"href":"https:\/\/www.diarioimagen.net\/index.php?rest_route=\/wp\/v2\/posts"}],"about":[{"href":"https:\/\/www.diarioimagen.net\/index.php?rest_route=\/wp\/v2\/types\/post"}],"author":[{"embeddable":true,"href":"https:\/\/www.diarioimagen.net\/index.php?rest_route=\/wp\/v2\/users\/3"}],"replies":[{"embeddable":true,"href":"https:\/\/www.diarioimagen.net\/index.php?rest_route=%2Fwp%2Fv2%2Fcomments&post=551341"}],"version-history":[{"count":0,"href":"https:\/\/www.diarioimagen.net\/index.php?rest_route=\/wp\/v2\/posts\/551341\/revisions"}],"wp:attachment":[{"href":"https:\/\/www.diarioimagen.net\/index.php?rest_route=%2Fwp%2Fv2%2Fmedia&parent=551341"}],"wp:term":[{"taxonomy":"category","embeddable":true,"href":"https:\/\/www.diarioimagen.net\/index.php?rest_route=%2Fwp%2Fv2%2Fcategories&post=551341"},{"taxonomy":"post_tag","embeddable":true,"href":"https:\/\/www.diarioimagen.net\/index.php?rest_route=%2Fwp%2Fv2%2Ftags&post=551341"}],"curies":[{"name":"wp","href":"https:\/\/api.w.org\/{rel}","templated":true}]}}