{"id":551439,"date":"2022-06-28T00:05:12","date_gmt":"2022-06-28T05:05:12","guid":{"rendered":"https:\/\/www.diarioimagen.net\/?p=551439"},"modified":"2022-06-28T23:13:49","modified_gmt":"2022-06-29T04:13:49","slug":"exitoso-el-sistema-de-ensenanza-mixto-de-la-uaemex-barrera-diaz","status":"publish","type":"post","link":"https:\/\/www.diarioimagen.net\/?p=551439","title":{"rendered":"Exitoso el sistema de ense\u00f1anza mixto de la UAEM\u00e9x: Barrera D\u00edaz"},"content":{"rendered":"<p><em>\u00a0<\/em><\/p>\n<ul>\n<li><strong><em>El rector de la Aut\u00f3noma mexiquense, calific\u00f3 de exitoso y con aceptaci\u00f3n el sistema de ense\u00f1anza mixto que se oferta en esta casa de estudios<\/em><\/strong><\/li>\n<\/ul>\n<p><strong>\u00a0<\/strong><\/p>\n<div id=\"attachment_551520\" style=\"width: 470px\" class=\"wp-caption aligncenter\"><img loading=\"lazy\" decoding=\"async\" aria-describedby=\"caption-attachment-551520\" class=\"size-full wp-image-551520\" src=\"https:\/\/www.diarioimagen.net\/wp-content\/uploads\/2022\/06\/uaem1.jpg\" alt=\"\" width=\"460\" height=\"270\" \/><p id=\"caption-attachment-551520\" class=\"wp-caption-text\">El rector Carlos Eduardo Barrera D\u00edaz encabez\u00f3 el Tercer Informe Anual de Actividades que rindi\u00f3 el director de la Facultad de Econom\u00eda, Alejandro Alan\u00eds Chico.<\/p><\/div>\n<p>&nbsp;<\/p>\n<p><strong>Toluca, Estado de M\u00e9xico.\u2014 <\/strong>Con oferta de programas educativos en sistema de ense\u00f1anza presencial, mixta y a distancia acreditados por su calidad acad\u00e9mica, la Universidad Aut\u00f3noma del Estado de M\u00e9xico (UAEM\u00e9x) se vuelve, a\u00fan m\u00e1s, incluyente, afirm\u00f3 el rector, Carlos Eduardo Barrera D\u00edaz.<\/p>\n<p>Al encabezar el Tercer Informe Anual de Actividades que rindi\u00f3 el director de la Facultad de Econom\u00eda, Alejandro Alan\u00eds Chico, el rector de la UAEM\u00e9x reconoci\u00f3 a este organismo acad\u00e9mico como un referente estatal al impartir sus cuatro licenciaturas: Econom\u00eda, Negocios Internacionales Biling\u00fce, Actuar\u00eda y Relaciones Econ\u00f3micas Internacionales en sistema de ense\u00f1anza mixto y esta \u00faltima, tambi\u00e9n con la opci\u00f3n a distancia.<\/p>\n<p>\u201cResulta muy positivo el \u00e9xito y aceptaci\u00f3n de los programas mixtos con los que esta Facultad contin\u00faa avanzando hacia una educaci\u00f3n m\u00e1s incluyente\u201d expres\u00f3.<\/p>\n<p>Asimismo, destac\u00f3 la calidad docente de la Facultad que alberga a 14 Profesores de Tiempo Completo (PTC) que pertenecen al Sistema Nacional de Investigadores (SNI) del Consejo Nacional de Ciencia y Tecnolog\u00eda (CONACyT) y que participan en ocho proyectos de investigaci\u00f3n; as\u00ed como profesores certificados en ingl\u00e9s, quienes imparten las unidades de aprendizaje en modalidad biling\u00fce, lo que coloca a sus egresados en la competencia internacional.<\/p>\n<p>Barrera D\u00edaz tambi\u00e9n extern\u00f3 una felicitaci\u00f3n a la comunidad estudiantil que ha colocado al organismo acad\u00e9mico en lugares de excelencia en el \u00e1mbito acad\u00e9mico, de investigaci\u00f3n, cultural y deportivo, tanto a nivel estatal como nacional.<\/p>\n<p>En tanto, Alan\u00eds Chico refiri\u00f3 que entre los logros alcanzados durante su tercer a\u00f1o de gesti\u00f3n se encuentran la impartici\u00f3n por primera vez el Diplomado Superior en Econom\u00eda\u00a0 Financiera que cuenta con 54 participantes que, a su vez, funciona como una opci\u00f3n de titulaci\u00f3n de licenciatura; el apoyo a estudiantes con mil 745 becas, as\u00ed como una cobertura del 98 por ciento en el Programa Institucional de Tutor\u00eda.<\/p>\n<p>Agreg\u00f3 que la pertinencia social de las distintas investigaciones que se realizan al interior de la Facultad se reflejan en la producci\u00f3n de libros, revistas, art\u00edculos y observatorios econ\u00f3micos.<\/p>\n<p>\u201cPara la Facultad de Econom\u00eda es de vital importancia que la comunidad universitaria tenga una conciencia social s\u00f3lida y un compromiso con el desarrollo sustentable\u00a0 por lo que tambi\u00e9n se encuentra establecida en la misi\u00f3n de formar profesionistas con sentido de responsabilidad social, \u00e9tica y valores\u201d, expres\u00f3.<\/p>\n<p>La Facultad de Econom\u00eda tiene una matr\u00edcula de mil 958 estudiantes. Se imparten cuatro licenciaturas, as\u00ed como programas de posgrado de maestr\u00eda y doctorado, algunos de ellos\u00a0 de car\u00e1cter intrainstitucional registrados en el Programa Nacional de Posgrados de Calidad (PNPC) de CONACyT.<\/p>\n<p>Al acto acudieron el secretario de Planeaci\u00f3n y Desarrollo Institucional, Jos\u00e9 Raymundo Marcial Romero, integrantes del gabinete universitario y ex directoras y ex directores y comunidad de la Facultad de Econom\u00eda.<\/p>\n","protected":false},"excerpt":{"rendered":"<p>Con oferta de programas educativos en sistema de ense\u00f1anza presencial, mixta y a distancia acreditados por su calidad acad\u00e9mica, la Universidad Aut\u00f3noma del Estado de M\u00e9xico (UAEM\u00e9x) se vuelve, a\u00fan m\u00e1s, incluyente, afirm\u00f3 el rector, Carlos Eduardo Barrera D\u00edaz.<\/p>\n","protected":false},"author":3,"featured_media":551520,"comment_status":"open","ping_status":"open","sticky":false,"template":"","format":"standard","meta":{"_monsterinsights_skip_tracking":false,"_monsterinsights_sitenote_active":false,"_monsterinsights_sitenote_note":"","_monsterinsights_sitenote_category":0,"footnotes":""},"categories":[5],"tags":[43675,95837,452,67878],"class_list":["post-551439","post","type-post","status-publish","format-standard","has-post-thumbnail","hentry","category-estado-de-mexico","tag-estado-de-mexico","tag-inclueyente","tag-toluca","tag-uaemex"],"_links":{"self":[{"href":"https:\/\/www.diarioimagen.net\/index.php?rest_route=\/wp\/v2\/posts\/551439","targetHints":{"allow":["GET"]}}],"collection":[{"href":"https:\/\/www.diarioimagen.net\/index.php?rest_route=\/wp\/v2\/posts"}],"about":[{"href":"https:\/\/www.diarioimagen.net\/index.php?rest_route=\/wp\/v2\/types\/post"}],"author":[{"embeddable":true,"href":"https:\/\/www.diarioimagen.net\/index.php?rest_route=\/wp\/v2\/users\/3"}],"replies":[{"embeddable":true,"href":"https:\/\/www.diarioimagen.net\/index.php?rest_route=%2Fwp%2Fv2%2Fcomments&post=551439"}],"version-history":[{"count":0,"href":"https:\/\/www.diarioimagen.net\/index.php?rest_route=\/wp\/v2\/posts\/551439\/revisions"}],"wp:featuredmedia":[{"embeddable":true,"href":"https:\/\/www.diarioimagen.net\/index.php?rest_route=\/wp\/v2\/media\/551520"}],"wp:attachment":[{"href":"https:\/\/www.diarioimagen.net\/index.php?rest_route=%2Fwp%2Fv2%2Fmedia&parent=551439"}],"wp:term":[{"taxonomy":"category","embeddable":true,"href":"https:\/\/www.diarioimagen.net\/index.php?rest_route=%2Fwp%2Fv2%2Fcategories&post=551439"},{"taxonomy":"post_tag","embeddable":true,"href":"https:\/\/www.diarioimagen.net\/index.php?rest_route=%2Fwp%2Fv2%2Ftags&post=551439"}],"curies":[{"name":"wp","href":"https:\/\/api.w.org\/{rel}","templated":true}]}}