{"id":551445,"date":"2022-06-28T00:03:27","date_gmt":"2022-06-28T05:03:27","guid":{"rendered":"https:\/\/www.diarioimagen.net\/?p=551445"},"modified":"2022-06-28T23:15:28","modified_gmt":"2022-06-29T04:15:28","slug":"vacuna-la-cdmx-esta-semana-solo-a-infantes-de-10-a-11-anos","status":"publish","type":"post","link":"https:\/\/www.diarioimagen.net\/?p=551445","title":{"rendered":"Vacuna la Ciudad de M\u00e9xico esta semana s\u00f3lo a infantes de 10 a 11 a\u00f1os"},"content":{"rendered":"<p>&nbsp;<\/p>\n<div id=\"attachment_551536\" style=\"width: 470px\" class=\"wp-caption aligncenter\"><img loading=\"lazy\" decoding=\"async\" aria-describedby=\"caption-attachment-551536\" class=\"size-full wp-image-551536\" src=\"https:\/\/www.diarioimagen.net\/wp-content\/uploads\/2022\/06\/vacuna-cdmx.jpg\" alt=\"\" width=\"460\" height=\"270\" \/><p id=\"caption-attachment-551536\" class=\"wp-caption-text\">Esta semana, la vacuna es para infantes de 11 a\u00f1os cumplidos y aquellos que vayan a cumplir esa edad este a\u00f1o.<\/p><\/div>\n<p>&nbsp;<\/p>\n<p>Comenz\u00f3 esta semana en la Ciudad de M\u00e9xico la vacunaci\u00f3n contra Covid-19 para infantes de 11 a\u00f1os cumplidos y aquellos que vayan a cumplir esa edad este a\u00f1o. La vacunaci\u00f3n es con dosis pedi\u00e1tricas de Pfizer y contempla a todas las alcald\u00edas.<\/p>\n<p>El gobierno capitalino inform\u00f3 que seg\u00fan el n\u00famero de dosis disponibles se anunciar\u00e1n fechas para el resto de ni\u00f1os y ni\u00f1as mayores de 5 a\u00f1os.<\/p>\n<p>Los requisitos son tener 11 a\u00f1os cumplidos o cumplirlos durante 2022, es decir, haber nacido entre el 27 de junio de 2010 y el 31 de diciembre de 2011; ir acompa\u00f1ado de un adulto y, de preferencia, acudir con el expediente impreso descargable en <em>mivacuna.salud.gob.mx<\/em>.<\/p>\n<p>Hay 39 puntos de vacunaci\u00f3n abiertos de 8:00 a 15:00 horas y se puede elegir la sede que m\u00e1s convenga, sin importar la alcald\u00eda de residencia.<\/p>\n<p>La aplicaci\u00f3n de dosis se realiza conforme a la letra inicial de su primer apellido y bajo el siguiente calendario: A, B, C: lunes 27 de junio; D, E, F, G: martes 28 de junio; H ,I, J, K ,L, M: mi\u00e9rcoles 29 de junio; N, \u00d1, O, P ,Q, R: jueves 30 de junio; y S, T, U, V, W, X, Y, Z, el viernes 1 de julio.<\/p>\n<p>Unidades de vacunaci\u00f3n por alcald\u00eda: El Gobierno de Ciudad de M\u00e9xico habilit\u00f3 39 sedes para la vacunaci\u00f3n de menores de 11 a\u00f1os esta semana, con horario de atenci\u00f3n de 08:00 a 15:00 horas.<\/p>\n<p><strong>\u00c1lvaro Obreg\u00f3n<br \/>\n\u00ac <\/strong>Centro de Salud -III Minas de Cristo<br \/>\n\u00ac Centro de Salud -III Manuel Escontria<\/p>\n<p><strong>Azcapotzalco<br \/>\n\u00ac <\/strong>Centro de Salud -III Galo Sober\u00f3n y Parra<br \/>\n\u00ac Centro de Salud -III Dr. Manuel Mart\u00ednez Baez<br \/>\n\u00ac CMF Cuitl\u00e1huac<\/p>\n<p><strong>Benito Ju\u00e1rez<br \/>\n\u00ac <\/strong>Cl\u00ednica de Salud -III Portales<br \/>\n\u00ac Cl\u00ednica de Salud -III Mixcoac<\/p>\n<p><strong>Coyoac\u00e1n<br \/>\n\u00ac <\/strong>Centro de Salud -III Margarita Chorn\u00e9 y Salazar<br \/>\n\u00ac Centro de Salud -III Cr. Gustavo Rovirosa P\u00e9rez<\/p>\n<p><strong>Cuajimalpa<br \/>\n\u00ac <\/strong>Centro de Salud -III Cuajimalpa<br \/>\n\u00ac Centro de Salud -III La Navidad<\/p>\n<p><strong>Cuauht\u00e9moc<br \/>\n\u00ac <\/strong>Centro de Salud -III Jos\u00e9 Mar\u00eda Rodr\u00edguez<br \/>\n\u00ac Cl\u00ednica de Especialidades No. 4<br \/>\n\u00ac ISSSTE Cl\u00ednica de Medicina Familiar Sta Mar\u00eda<\/p>\n<p><strong>Gustavo A. Madero<br \/>\n\u00ac <\/strong>Centro de Salud -III Dr. Gabriel Garz\u00f3n Cossa.<br \/>\n\u00ac Centro de Salud -III Dr. Rafael Ram\u00edrez Su\u00e1rez.<br \/>\n\u00ac UMF 20 Calzada Vallejo 675<\/p>\n<p><strong>Iztacalco<br \/>\n\u00ac <\/strong>Centro de Salud Dr. Jos\u00e9 Zozaya<br \/>\n\u00ac Centro de Salud Dr. Manuel Pesqueira<\/p>\n<p><strong>Iztapalapa<br \/>\n\u00ac <\/strong>Centro de Salud Chinampac de Ju\u00e1rez<br \/>\n\u00ac Centro de Salud Dr. Rafael Carrillo<br \/>\n\u00ac Cl\u00ednica de Especialidades Leonardo y Nicolas Bravo<\/p>\n<p><strong>Magdalena Contreras<\/strong><\/p>\n<p>\u00ac Centro de Salud -III Oasis<br \/>\n\u00ac Centro de Salud -III Dr. \u00c1ngel de la Garza Brito<\/p>\n<p><strong>Miguel Hidalgo<br \/>\n\u00ac <\/strong>Centro de Salud -III M\u00e9xico-Espa\u00f1a<br \/>\n\u00ac Centro de Salud -III Dr. \u00c1ngel Brioso Vasconcelos<\/p>\n<p><strong>Milpa Alta<\/strong><\/p>\n<p>Centro de Salud -III Gast\u00f3n Melo<br \/>\nCentro de Salud -III San Pablo Oztotepec<\/p>\n<p><strong>Tl\u00e1huac<br \/>\n\u00ac <\/strong>UMF 162<br \/>\n\u00ac Centro de Salud -II 13 de Septiembre<br \/>\n\u00ac Centro de Salud -III San Francisco Tlaltenco<\/p>\n<p><strong>\u00a0Tlalpan<br \/>\n\u00ac <\/strong>Centro de Salud -III David Fragoso Lizaldo<br \/>\n\u00ac CMF Tlalpan<\/p>\n<p><strong>Venustiano Carranza<br \/>\n\u00ac <\/strong>Centro de Salud -III Beatriz Velasco de Alem\u00e1n<br \/>\n\u00ac Centro de Salud -III Dr. Juan Duque de Estrada<\/p>\n<p><strong>Xochimilco<br \/>\n<\/strong>\u00ac Centro de Salud -III Xochimilco<br \/>\n\u00ac Centro de Salud -III Tulyehualco<\/p>\n<p>Todos: Censos Marina &#8211; s\u00f3lo hasta el jueves.<\/p>\n","protected":false},"excerpt":{"rendered":"<p>Comenz\u00f3 esta semana en la Ciudad de M\u00e9xico la vacunaci\u00f3n contra Covid-19 para infantes de 11 a\u00f1os cumplidos y aquellos que vayan a cumplir esa edad este a\u00f1o. La vacunaci\u00f3n es con dosis pedi\u00e1tricas de Pfizer y contempla a todas las alcald\u00edas.<\/p>\n","protected":false},"author":3,"featured_media":551536,"comment_status":"open","ping_status":"open","sticky":false,"template":"","format":"standard","meta":{"_monsterinsights_skip_tracking":false,"_monsterinsights_sitenote_active":false,"_monsterinsights_sitenote_note":"","_monsterinsights_sitenote_category":0,"footnotes":""},"categories":[6],"tags":[34444,92590,4713],"class_list":["post-551445","post","type-post","status-publish","format-standard","has-post-thumbnail","hentry","category-cd-de-mexico","tag-cdmx","tag-infantesl","tag-vacuna"],"_links":{"self":[{"href":"https:\/\/www.diarioimagen.net\/index.php?rest_route=\/wp\/v2\/posts\/551445","targetHints":{"allow":["GET"]}}],"collection":[{"href":"https:\/\/www.diarioimagen.net\/index.php?rest_route=\/wp\/v2\/posts"}],"about":[{"href":"https:\/\/www.diarioimagen.net\/index.php?rest_route=\/wp\/v2\/types\/post"}],"author":[{"embeddable":true,"href":"https:\/\/www.diarioimagen.net\/index.php?rest_route=\/wp\/v2\/users\/3"}],"replies":[{"embeddable":true,"href":"https:\/\/www.diarioimagen.net\/index.php?rest_route=%2Fwp%2Fv2%2Fcomments&post=551445"}],"version-history":[{"count":0,"href":"https:\/\/www.diarioimagen.net\/index.php?rest_route=\/wp\/v2\/posts\/551445\/revisions"}],"wp:featuredmedia":[{"embeddable":true,"href":"https:\/\/www.diarioimagen.net\/index.php?rest_route=\/wp\/v2\/media\/551536"}],"wp:attachment":[{"href":"https:\/\/www.diarioimagen.net\/index.php?rest_route=%2Fwp%2Fv2%2Fmedia&parent=551445"}],"wp:term":[{"taxonomy":"category","embeddable":true,"href":"https:\/\/www.diarioimagen.net\/index.php?rest_route=%2Fwp%2Fv2%2Fcategories&post=551445"},{"taxonomy":"post_tag","embeddable":true,"href":"https:\/\/www.diarioimagen.net\/index.php?rest_route=%2Fwp%2Fv2%2Ftags&post=551445"}],"curies":[{"name":"wp","href":"https:\/\/api.w.org\/{rel}","templated":true}]}}