{"id":551449,"date":"2022-06-28T00:02:10","date_gmt":"2022-06-28T05:02:10","guid":{"rendered":"https:\/\/www.diarioimagen.net\/?p=551449"},"modified":"2022-06-28T02:12:08","modified_gmt":"2022-06-28T07:12:08","slug":"instala-el-pan-del-estado-mexico-comite-estatal-de-buen-gobierno","status":"publish","type":"post","link":"https:\/\/www.diarioimagen.net\/?p=551449","title":{"rendered":"Instala el PAN del Estado M\u00e9xico Comit\u00e9 Estatal de Buen Gobierno"},"content":{"rendered":"<p>&nbsp;<\/p>\n<ul>\n<li><strong><em>Convoca a seguir ofreciendo resultados a ciudadanos<\/em><\/strong><\/li>\n<\/ul>\n<p>&nbsp;<\/p>\n<h6>Arturo Baena<\/h6>\n<p>&nbsp;<\/p>\n<div id=\"attachment_551542\" style=\"width: 470px\" class=\"wp-caption aligncenter\"><img loading=\"lazy\" decoding=\"async\" aria-describedby=\"caption-attachment-551542\" class=\"size-full wp-image-551542\" src=\"https:\/\/www.diarioimagen.net\/wp-content\/uploads\/2022\/06\/baena-2.jpg\" alt=\"\" width=\"460\" height=\"270\" \/><p id=\"caption-attachment-551542\" class=\"wp-caption-text\">El presidente de PAN Edomex, Anuar Azar, instal\u00f3 el \u201cComit\u00e9 Estatal de Buen Gobierno\u201d y convoc\u00f3 a alcaldes a seguir ofreciendo resultados a la ciudadan\u00eda.<\/p><\/div>\n<p>&nbsp;<\/p>\n<p><strong>Valle de M\u00e9xico.\u2014<\/strong> Anuar Azar Figueroa, presidente de PAN mexiquense, instal\u00f3 el \u201cComit\u00e9 Estatal de Buen Gobierno\u201d y convoc\u00f3 a las y los alcaldes a seguir ofreciendo resultados a la ciudadan\u00eda y reiter\u00f3 que ese partido cree en la coalici\u00f3n con el PRI y el PRD, pero tambi\u00e9n se prepara para ir solo, si las condiciones para una alianza no son las ideales.<\/p>\n<p>Azar Figueroa se\u00f1al\u00f3 que el Comit\u00e9 es un espacio para intercambiar experiencia, ver y medir los resultados de las propuestas de campa\u00f1a y atender los problemas de cada municipio y su gente, as\u00ed como una comunicaci\u00f3n entre las y los alcaldes.<\/p>\n<p>Se\u00f1al\u00f3 que los gobiernos municipales del PAN tienen buenos programas, presentan muchas obras, tambi\u00e9n din\u00e1micas de acercamiento con la ciudadan\u00eda, pero se deben ser cuidadosos con los detalles, no propiciar esc\u00e1ndalos, cuidar las formas y olvidarse de carros de lujo y por el contrario seguir mostrando sencillez cotidiana en los gobiernos.<\/p>\n<p>Indic\u00f3 que hoy los gobiernos panistas est\u00e1n en el ojo del hurac\u00e1n, bajo la lupa por el proceso electoral del 2023, por lo que convoc\u00f3 a \u00a0las y los presidentes municipales, a sus regidoras y regidores, directores a ser sensatos, gobernar con sencillez, humildad y como hasta ahora sin cosas controversiales.<\/p>\n<p>En su di\u00e1logo con las y los alcaldesa panistas, les record\u00f3 que sostuvo una pl\u00e1tica con los presidentes del PRI y del PRD. Tambi\u00e9n que Marko Cort\u00e9s, presidente nacional del PAN, la semana pasada instal\u00f3 el Comit\u00e9 Estrat\u00e9gico para 2023 con tres acuerdos importantes como que el proceso de selecci\u00f3n de la o el candidato para la Gubernatura del Estado de M\u00e9xico sea sensato, objetivo y que garantice ganar la gubernatura con la coalici\u00f3n Va por el Edomex.<\/p>\n<p>Otro punto, afirm\u00f3, es legislar para que de manera legal exista el modelo de gobierno de coalici\u00f3n y finalmente, el PAN est\u00e1 preparado por s\u00ed no existen las condiciones, \u00a0si hay cerraz\u00f3n y no existe sensatez, el PAN podr\u00eda ir s\u00f3lo a la elecci\u00f3n con una estructura que est\u00e1 \u00e1vida de hacer campa\u00f1a, tocar puertas, corazones y conciencias.<\/p>\n<p>Anuar Azar afirm\u00f3 que en el PAN se ha hecho un ejercicio de unidad, en la que la propuesta de Acci\u00f3n Nacional, seria y absolutamente competitiva. Le interesa la coalici\u00f3n al PAN, siempre y cuando el proceso de la selecci\u00f3n sea transparente y quien encabece garantice que tiene la mayor posibilidad de ganar.<\/p>\n","protected":false},"excerpt":{"rendered":"<p>Anuar Azar Figueroa, presidente de PAN mexiquense, instal\u00f3 el \u201cComit\u00e9 Estatal de Buen Gobierno\u201d y convoc\u00f3 a las y los alcaldes a seguir ofreciendo resultados a la ciudadan\u00eda y reiter\u00f3 que ese partido cree en la coalici\u00f3n con el PRI y el PRD, pero tambi\u00e9n se prepara para ir solo, si las condiciones para una alianza no son las ideales.<\/p>\n","protected":false},"author":3,"featured_media":551542,"comment_status":"open","ping_status":"open","sticky":false,"template":"","format":"standard","meta":{"_monsterinsights_skip_tracking":false,"_monsterinsights_sitenote_active":false,"_monsterinsights_sitenote_note":"","_monsterinsights_sitenote_category":0,"footnotes":""},"categories":[5],"tags":[95840,91,34],"class_list":["post-551449","post","type-post","status-publish","format-standard","has-post-thumbnail","hentry","category-estado-de-mexico","tag-buen-gobierno","tag-pan","tag-valle-de-mexico"],"_links":{"self":[{"href":"https:\/\/www.diarioimagen.net\/index.php?rest_route=\/wp\/v2\/posts\/551449","targetHints":{"allow":["GET"]}}],"collection":[{"href":"https:\/\/www.diarioimagen.net\/index.php?rest_route=\/wp\/v2\/posts"}],"about":[{"href":"https:\/\/www.diarioimagen.net\/index.php?rest_route=\/wp\/v2\/types\/post"}],"author":[{"embeddable":true,"href":"https:\/\/www.diarioimagen.net\/index.php?rest_route=\/wp\/v2\/users\/3"}],"replies":[{"embeddable":true,"href":"https:\/\/www.diarioimagen.net\/index.php?rest_route=%2Fwp%2Fv2%2Fcomments&post=551449"}],"version-history":[{"count":0,"href":"https:\/\/www.diarioimagen.net\/index.php?rest_route=\/wp\/v2\/posts\/551449\/revisions"}],"wp:featuredmedia":[{"embeddable":true,"href":"https:\/\/www.diarioimagen.net\/index.php?rest_route=\/wp\/v2\/media\/551542"}],"wp:attachment":[{"href":"https:\/\/www.diarioimagen.net\/index.php?rest_route=%2Fwp%2Fv2%2Fmedia&parent=551449"}],"wp:term":[{"taxonomy":"category","embeddable":true,"href":"https:\/\/www.diarioimagen.net\/index.php?rest_route=%2Fwp%2Fv2%2Fcategories&post=551449"},{"taxonomy":"post_tag","embeddable":true,"href":"https:\/\/www.diarioimagen.net\/index.php?rest_route=%2Fwp%2Fv2%2Ftags&post=551449"}],"curies":[{"name":"wp","href":"https:\/\/api.w.org\/{rel}","templated":true}]}}