{"id":551452,"date":"2022-06-28T00:01:19","date_gmt":"2022-06-28T05:01:19","guid":{"rendered":"https:\/\/www.diarioimagen.net\/?p=551452"},"modified":"2022-06-28T02:13:26","modified_gmt":"2022-06-28T07:13:26","slug":"estamos-comprometidos-con-cuautitlan-izcalli-el-segundo-regidor-francisco-cahue","status":"publish","type":"post","link":"https:\/\/www.diarioimagen.net\/?p=551452","title":{"rendered":"Estamos comprometidos con Cuautitl\u00e1n Izcalli: el segundo regidor Francisco Cahue"},"content":{"rendered":"<p>&nbsp;<\/p>\n<ul>\n<li><strong><em>49 Aniversario de la fundaci\u00f3n del municipio<\/em><\/strong><\/li>\n<\/ul>\n<p>&nbsp;<\/p>\n<h6>Arturo Baena<\/h6>\n<p>&nbsp;<\/p>\n<div id=\"attachment_551546\" style=\"width: 470px\" class=\"wp-caption aligncenter\"><img loading=\"lazy\" decoding=\"async\" aria-describedby=\"caption-attachment-551546\" class=\"size-full wp-image-551546\" src=\"https:\/\/www.diarioimagen.net\/wp-content\/uploads\/2022\/06\/BAENA3-1.jpg\" alt=\"\" width=\"460\" height=\"270\" \/><p id=\"caption-attachment-551546\" class=\"wp-caption-text\">Francisco Cahue, segundo regidor de esta localidad, asisti\u00f3 al 49 Aniversario de la Fundaci\u00f3n de Cuautitl\u00e1n Izcalli.<\/p><\/div>\n<p>&nbsp;<\/p>\n<p><strong>Cuautitl\u00e1n Izcalli, Estado de M\u00e9xico.\u2014<\/strong> Me siento orgulloso de ser izcallense y de trabajar por un proyecto incluyente y con visi\u00f3n de futuro, no dejaremos de cumplir, Izcalli necesita del esfuerzo de todos.<\/p>\n<p>As\u00f3 lo afirm\u00f3 Francisco Cahue, segundo regidor de esta localidad, al asistir al 49 Aniversario de la Fundaci\u00f3n de Cuautitl\u00e1n Izcalli. La constancia y el trabajo arduo, consolidar\u00e1n a nuestro querido Cuautitl\u00e1n Izcalli en el municipio vanguardista y de progreso que todos queremos, el presente de Izcalli lo estamos contruyendo todos, afirm\u00f3 Cahue.<\/p>\n<p>El segundo regidor dijo estar consciente que se enfrentan a un gran reto, sin embargo, desde la regidur\u00eda estamos recorriendo las colonias para generar confianza, credibilidad, di\u00e1logo permanente con la ciudadan\u00eda y para atender sus necesidades, asever\u00f3.<\/p>\n<p>\u201cNuestro compromiso es con cada vecino izcallense, mejorando d\u00eda con d\u00eda los servicios p\u00fablicos, la seguridad y sin duda, con una dotaci\u00f3n de agua potable programada m\u00e1s eficiente\u201d, detall\u00f3.<\/p>\n<p>Asimismo, dijo que \u201cverdaderamente, es un trabajo de mucha gente, hoy, al conmemorar el 49 aniversario, reconocemos el\u00a0 compromiso de la presidenta municipal Karla Fiesco, en conjunto trabajaremos para que las familias izcallenses tengan mejores resultados\u201d,\u00a0 sostuvo el segundo regidor.<\/p>\n","protected":false},"excerpt":{"rendered":"<p>Me siento orgulloso de ser izcallense y de trabajar por un proyecto incluyente y con visi\u00f3n de futuro, no dejaremos de cumplir, Izcalli necesita del esfuerzo de todos.<\/p>\n","protected":false},"author":3,"featured_media":551546,"comment_status":"open","ping_status":"open","sticky":false,"template":"","format":"standard","meta":{"_monsterinsights_skip_tracking":false,"_monsterinsights_sitenote_active":false,"_monsterinsights_sitenote_note":"","_monsterinsights_sitenote_category":0,"footnotes":""},"categories":[5],"tags":[21999,971,43675,51432],"class_list":["post-551452","post","type-post","status-publish","format-standard","has-post-thumbnail","hentry","category-estado-de-mexico","tag-aniversario","tag-cuautitlan-izcalli","tag-estado-de-mexico","tag-fundacion"],"_links":{"self":[{"href":"https:\/\/www.diarioimagen.net\/index.php?rest_route=\/wp\/v2\/posts\/551452","targetHints":{"allow":["GET"]}}],"collection":[{"href":"https:\/\/www.diarioimagen.net\/index.php?rest_route=\/wp\/v2\/posts"}],"about":[{"href":"https:\/\/www.diarioimagen.net\/index.php?rest_route=\/wp\/v2\/types\/post"}],"author":[{"embeddable":true,"href":"https:\/\/www.diarioimagen.net\/index.php?rest_route=\/wp\/v2\/users\/3"}],"replies":[{"embeddable":true,"href":"https:\/\/www.diarioimagen.net\/index.php?rest_route=%2Fwp%2Fv2%2Fcomments&post=551452"}],"version-history":[{"count":0,"href":"https:\/\/www.diarioimagen.net\/index.php?rest_route=\/wp\/v2\/posts\/551452\/revisions"}],"wp:featuredmedia":[{"embeddable":true,"href":"https:\/\/www.diarioimagen.net\/index.php?rest_route=\/wp\/v2\/media\/551546"}],"wp:attachment":[{"href":"https:\/\/www.diarioimagen.net\/index.php?rest_route=%2Fwp%2Fv2%2Fmedia&parent=551452"}],"wp:term":[{"taxonomy":"category","embeddable":true,"href":"https:\/\/www.diarioimagen.net\/index.php?rest_route=%2Fwp%2Fv2%2Fcategories&post=551452"},{"taxonomy":"post_tag","embeddable":true,"href":"https:\/\/www.diarioimagen.net\/index.php?rest_route=%2Fwp%2Fv2%2Ftags&post=551452"}],"curies":[{"name":"wp","href":"https:\/\/api.w.org\/{rel}","templated":true}]}}