{"id":551454,"date":"2022-06-28T00:03:34","date_gmt":"2022-06-28T05:03:34","guid":{"rendered":"https:\/\/www.diarioimagen.net\/?p=551454"},"modified":"2022-06-28T02:12:46","modified_gmt":"2022-06-28T07:12:46","slug":"propone-pvem-ley-de-empleo-temporal-en-edomex","status":"publish","type":"post","link":"https:\/\/www.diarioimagen.net\/?p=551454","title":{"rendered":"Propone PVEM Ley de Empleo Temporal en Edomex"},"content":{"rendered":"<p>&nbsp;<\/p>\n<p><img loading=\"lazy\" decoding=\"async\" class=\"aligncenter size-full wp-image-551544\" src=\"https:\/\/www.diarioimagen.net\/wp-content\/uploads\/2022\/06\/baena-4.jpg\" alt=\"\" width=\"460\" height=\"270\" \/><\/p>\n<p>&nbsp;<\/p>\n<p><strong>Toluca, Estado de M\u00e9xico.\u2014 <\/strong>El Grupo Parlamentario del Partido Verde Ecologista de M\u00e9xico (GPPVEM) de la LXI Legislatura del Estado de M\u00e9xico propone crear la Ley de Empleo Temporal en la entidad para que, a trav\u00e9s de acciones en favor del medio ambiente, el gobierno d\u00e9 sustento econ\u00f3mico a mexiquenses para cubrir los requerimientos de la canasta b\u00e1sica alimentaria y disminuir la pobreza.<\/p>\n<p>\u201cHemos recorrido todo el Estado de M\u00e9xico en los \u00faltimos meses y hemos visto un deterioro medioambiental brutal y a much\u00edsimos j\u00f3venes que salen de las universidades y no encuentran un trabajo\u201d, lament\u00f3 el dirigente estatal del partido, Jos\u00e9 Alberto Couttolenc Buentello.<\/p>\n","protected":false},"excerpt":{"rendered":"<p>El Grupo Parlamentario del Partido Verde Ecologista de M\u00e9xico (GPPVEM) de la LXI Legislatura del Estado de M\u00e9xico propone crear la Ley de Empleo Temporal en la entidad para que, a trav\u00e9s de acciones en favor del medio ambiente, el gobierno d\u00e9 sustento econ\u00f3mico a mexiquenses para cubrir los requerimientos de la canasta b\u00e1sica alimentaria y disminuir la pobreza.<\/p>\n","protected":false},"author":3,"featured_media":551544,"comment_status":"open","ping_status":"open","sticky":false,"template":"","format":"standard","meta":{"_monsterinsights_skip_tracking":false,"_monsterinsights_sitenote_active":false,"_monsterinsights_sitenote_note":"","_monsterinsights_sitenote_category":0,"footnotes":""},"categories":[5],"tags":[95841,95842],"class_list":["post-551454","post","type-post","status-publish","format-standard","has-post-thumbnail","hentry","category-estado-de-mexico","tag-gppvem","tag-ley-de-empleo-temporal"],"_links":{"self":[{"href":"https:\/\/www.diarioimagen.net\/index.php?rest_route=\/wp\/v2\/posts\/551454","targetHints":{"allow":["GET"]}}],"collection":[{"href":"https:\/\/www.diarioimagen.net\/index.php?rest_route=\/wp\/v2\/posts"}],"about":[{"href":"https:\/\/www.diarioimagen.net\/index.php?rest_route=\/wp\/v2\/types\/post"}],"author":[{"embeddable":true,"href":"https:\/\/www.diarioimagen.net\/index.php?rest_route=\/wp\/v2\/users\/3"}],"replies":[{"embeddable":true,"href":"https:\/\/www.diarioimagen.net\/index.php?rest_route=%2Fwp%2Fv2%2Fcomments&post=551454"}],"version-history":[{"count":0,"href":"https:\/\/www.diarioimagen.net\/index.php?rest_route=\/wp\/v2\/posts\/551454\/revisions"}],"wp:featuredmedia":[{"embeddable":true,"href":"https:\/\/www.diarioimagen.net\/index.php?rest_route=\/wp\/v2\/media\/551544"}],"wp:attachment":[{"href":"https:\/\/www.diarioimagen.net\/index.php?rest_route=%2Fwp%2Fv2%2Fmedia&parent=551454"}],"wp:term":[{"taxonomy":"category","embeddable":true,"href":"https:\/\/www.diarioimagen.net\/index.php?rest_route=%2Fwp%2Fv2%2Fcategories&post=551454"},{"taxonomy":"post_tag","embeddable":true,"href":"https:\/\/www.diarioimagen.net\/index.php?rest_route=%2Fwp%2Fv2%2Ftags&post=551454"}],"curies":[{"name":"wp","href":"https:\/\/api.w.org\/{rel}","templated":true}]}}