{"id":551472,"date":"2022-06-28T00:02:44","date_gmt":"2022-06-28T05:02:44","guid":{"rendered":"https:\/\/www.diarioimagen.net\/?p=551472"},"modified":"2022-06-28T01:24:54","modified_gmt":"2022-06-28T06:24:54","slug":"lopez-obrador-se-confronta-con-la-iglesia-catolica-pagara-alto-costo","status":"publish","type":"post","link":"https:\/\/www.diarioimagen.net\/?p=551472","title":{"rendered":"L\u00f3pez Obrador se confronta con la Iglesia cat\u00f3lica, pagar\u00e1 alto costo"},"content":{"rendered":"<h2>La Retaguardia<\/h2>\n<h5>Adriana Moreno Cordero<\/h5>\n<p>&nbsp;<\/p>\n<ul>\n<li><strong><em>Cierre de L\u00ednea 1 del Metro le saldr\u00e1 caro tambi\u00e9n a Claudia Sheinbaum<\/em><\/strong><\/li>\n<\/ul>\n<p>&nbsp;<\/p>\n<p>No par\u00f3 hasta que lo consigui\u00f3. As\u00ed, el presidente <strong>Andr\u00e9s Manuel L\u00f3pez Obrador<\/strong> inici\u00f3 la semana marcando su confrontaci\u00f3n, ni m\u00e1s ni menos que con la Iglesia cat\u00f3lica, situaci\u00f3n que sin duda, le saldr\u00e1 costos\u00edsima, pero al parecer, eso no le importa mucho, ni siquiera porque est\u00e1 inmiscuido en el burdo juego de sus \u201ccorcholatas\u201d, en la carrera al 2024.<\/p>\n<p>De nueva cuenta y as\u00ed como para abrir bien la semana, el de Tepetit\u00e1n, en su gustad\u00edsimo \u201cstand up\u201d ma\u00f1anero, volvi\u00f3 a defender su \u201cestrategia\u201d de combate a la inseguridad y rechaz\u00f3 lo que todos los habitantes de este pa\u00eds \u2014incluido su \u201cpueblo bueno y sabio\u201d\u2014, ven: que M\u00e9xico est\u00e1 te\u00f1ido de sangre y que los \u00edndices de violencia, especialmente por parte de la delincuencia organizada, tienden a incrementarse de manera tan angustiosa como preocupante.<\/p>\n<p>El discurso del \u201cmes\u00edas tropical\u201d y de los \u201cabrazos, no balazos\u201d est\u00e1 totalmente desgastado. Dicho sea de paso, tambi\u00e9n ya se le acab\u00f3 al inquilino de Palacio Nacional el pretexto de culpar al pasado, especialmente a su odiado <strong>Felipe Calder\u00f3n<\/strong>, de todo lo malo que pasa en el pa\u00eds.<\/p>\n<p>Si bien uno de los principales errores del ex presidente panista fue declarar, desde tierras michoacanas, por cierto, la guerra a los c\u00e1rteles que operan \u2014cada vez con mayor impunidad\u2014 a lo largo y ancho del pa\u00eds-, sin haberse tomado la molestia en medir los costos que acarrear\u00eda una guerra en la que evidentemente, su gobierno estaba en desventaja, no puede ser que pasen los a\u00f1os y el presidente L\u00f3pez Obrador, con tal de justificar su ineptitud, se haya aferrado a un monotem\u00e1tico discurso, el de culpar de todo a la administraci\u00f3n calderonista.<\/p>\n<p>La prueba m\u00e1s fehaciente de lo anterior, es que los n\u00fameros rojos de la inseguridad de esta errada y llamada Cuarta Transformaci\u00f3n han terminado por rebasar los de las dos anteriores administraciones.<\/p>\n<p>Ya se ha consignado en este espacio en otras ocasiones: si L\u00f3pez Obrador sab\u00eda que no pod\u00eda con el tremendo paquete, \u00bfpor qu\u00e9 no se va? Esto \u00faltimo es algo que ya se est\u00e1 volviendo un clamor, como producto de la evidente incompetencia del tabasque\u00f1o, que s\u00f3lo pierde el tiempo en ver su propia \u201crealidad\u201d de Amlolandia, un sue\u00f1o tropical que cada vez se queda m\u00e1s y m\u00e1s lejos.<\/p>\n<p>La \u201cestrategia fallida e inhumana\u201d, que dice el Presidente que implement\u00f3 su enemigo n\u00famero uno, Felipe Calder\u00f3n, es m\u00e1s bien la que sigue \u00e9l, preocupado m\u00e1s por cu\u00e1l ser\u00e1 la suerte de los criminales que la de las v\u00edctimas, todo, en nombre de los derechos humanos.<\/p>\n<p>Desde el show ma\u00f1anero, L\u00f3pez Obrador dijo: \u201cVamos a dar resultados de c\u00f3mo vamos avanzando y nuestros adversarios con sus voceros y achichincles tratan de confundir, desinformar, manipular, diciendo: \u2018qu\u00e9 barbaridad,\u00a0nunca hab\u00eda habido tanta violencia en M\u00e9xico<strong>\u00a0<\/strong>como ahora\u2019. \u00a1Pues no es cierto!, si hubi\u00e9semos continuado con la misma pol\u00edtica que se impuso desde que se declar\u00f3 la guerra a la delincuencia organizada el pa\u00eds estar\u00eda en completa descomposici\u00f3n, ingobernable\u201d.<\/p>\n<p>La anterior cita resulta toda una aberraci\u00f3n y es producto de la v\u00edscera del inquilino de Palacio Nacional, porque en el sepelio de los jesuitas asesinados: Joaqu\u00edn Mora Salazar y Javier Campos, el padre <strong>Javier \u201cPato\u201d \u00c1vila<\/strong>, reclam\u00f3 a esta errada y llamada Cuarta Transformaci\u00f3n, que revisen su proyecto de seguridad p\u00fablica, porque aquello de los abrazos, de plano no est\u00e1 funcionando.<\/p>\n<p>Y lo \u00fanico que recibieron los jesuitas por respuesta fue el enojo de L\u00f3pez Obrador que los insult\u00f3 y los acus\u00f3 de estar doblegados a los intereses de los neoliberales, de tal forma, el tabasque\u00f1o ya tiene encima a toda la Iglesia cat\u00f3lica. Cuesti\u00f3n de revisar el editorial que \u201cDesde la Fe\u201d, le dirigi\u00f3 tambi\u00e9n al mandatario, donde le pide exactamente lo mismo.<\/p>\n<p>Hace unos d\u00edas, como se recordar\u00e1, L\u00f3pez Obrador dijo que en estos dos a\u00f1os que le quedan a su err\u00e1tica gesti\u00f3n, vendr\u00eda lo mejor. Eso, en todo caso, es pura demagogia, al tiempo se comprobar\u00e1.<\/p>\n<p style=\"text-align: center;\"><strong>Municiones<\/strong><\/p>\n<p>*** Otra a la que podr\u00eda salirle \u201cm\u00e1s caro el caldo que las alb\u00f3ndigas\u201d, es ni m\u00e1s ni menos que a la flamante jefa de Gobierno de la Ciudad de M\u00e9xico, <strong>Claudia Sheinbaum<\/strong>. Por en\u00e9sima ocasi\u00f3n y como si ella misma quisiera convencerse de lo que dice, la funcionaria capitalina volvi\u00f3 a repetir que est\u00e1 lista para ser Presidenta de M\u00e9xico. Claro que inmediatamente agreg\u00f3 que por ahora, toda su atenci\u00f3n est\u00e1 enfocada en gobernar la capital de la Rep\u00fablica, pero varias cosas tiene en contra y una de ellas es el anuncio que acaba de hacer respecto a que la L\u00ednea 1 del Sistema de Transporte Colectivo Metro, ser\u00e1 cerrada por un a\u00f1o, a partir del 9 de julio porque ser\u00e1 sometida a una exhaustiva revisi\u00f3n. El caso es que, al contrario de lo que ella y su flamante secretario de Movilidad, <strong>Andr\u00e9s Lajous<\/strong>, aseguran, no tienen la capacidad de que el RTP, cubra las necesidades de movilizarse de alrededor de 500 mil personas a diario. Para comprobarlo, baste revisar que en la L\u00ednea 12 del Metro, donde ocurri\u00f3 la tragedia del 3 de mayo, dicha red de autobuses no pueden con tantos pasajeros.<\/p>\n<p>*** En este mismo orden de ideas, algo habr\u00e1n visto estos eficientes funcionarios capitalinos en la L\u00ednea 1 del Metro, que quieren evitar una segunda tragedia, pero todo esto, es innegable que afectar\u00e1 en las aspiraciones de la se\u00f1ora Sheinbaum, que tiende a afectar todo esc\u00e1ndalo que la pueda afectar y ah\u00ed, otra vez, est\u00e1 la tragedia de la L\u00ednea 12 del Metro y c\u00f3mo los dict\u00e1menes de la empresa noruega DNW, que le daban un grado importante de responsabilidad, se perdieron en el tiempo. Desde luego que en cuanto empiecen los trabajos de la L\u00ednea 1, lo que se viene es el descontento de la poblaci\u00f3n usuaria porque, se reitera, el servicio RTP ser\u00e1 tan insuficiente, como ineficiente la labor de la se\u00f1ora jefa de Gobierno.<\/p>\n<p>*** Pero qu\u00e9 mal se ve el coordinador de los senadores del PRI en el Senado de la Rep\u00fablica, <strong>Miguel \u00c1ngel Osorio Chong<\/strong>, llamando a priistas y panistas que no hagan tratos con el actual dirigente del PRI, Alejandro Moreno C\u00e1rdenas, porque no les va a cumplir. Lo dicho, el ex secretario de Gobernaci\u00f3n tiene la intenci\u00f3n de adue\u00f1arse del Revolucionario Institucional. Lo bueno es que, por ejemplo, el l\u00edder del PRD, <strong>Jes\u00fas Zambrano<\/strong>, le contest\u00f3 que \u00e9l no acostumbra meterse en la vida interna de otros partidos. Y ahora, \u00bfqu\u00e9 cuentas le va a entregar Osorio al inquilino de Palacio Nacional?<\/p>\n<p><u><a href=\"mailto:morcora@gmail.com\" target=\"_blank\" rel=\"noopener noreferrer\"><em>morcora@gmail.com<\/em><\/a><\/u><\/p>\n","protected":false},"excerpt":{"rendered":"<p><span style=\"color: #005497;\"><strong>Adriana Moreno Cordero<\/strong><\/span><\/p>\n","protected":false},"author":3,"featured_media":0,"comment_status":"open","ping_status":"open","sticky":false,"template":"","format":"standard","meta":{"_monsterinsights_skip_tracking":false,"_monsterinsights_sitenote_active":false,"_monsterinsights_sitenote_note":"","_monsterinsights_sitenote_category":0,"footnotes":""},"categories":[69370],"tags":[69369,69368],"class_list":["post-551472","post","type-post","status-publish","format-standard","hentry","category-adriana-moreno-cordero","tag-adriana-moreno-cordero","tag-la-retaguardia"],"_links":{"self":[{"href":"https:\/\/www.diarioimagen.net\/index.php?rest_route=\/wp\/v2\/posts\/551472","targetHints":{"allow":["GET"]}}],"collection":[{"href":"https:\/\/www.diarioimagen.net\/index.php?rest_route=\/wp\/v2\/posts"}],"about":[{"href":"https:\/\/www.diarioimagen.net\/index.php?rest_route=\/wp\/v2\/types\/post"}],"author":[{"embeddable":true,"href":"https:\/\/www.diarioimagen.net\/index.php?rest_route=\/wp\/v2\/users\/3"}],"replies":[{"embeddable":true,"href":"https:\/\/www.diarioimagen.net\/index.php?rest_route=%2Fwp%2Fv2%2Fcomments&post=551472"}],"version-history":[{"count":0,"href":"https:\/\/www.diarioimagen.net\/index.php?rest_route=\/wp\/v2\/posts\/551472\/revisions"}],"wp:attachment":[{"href":"https:\/\/www.diarioimagen.net\/index.php?rest_route=%2Fwp%2Fv2%2Fmedia&parent=551472"}],"wp:term":[{"taxonomy":"category","embeddable":true,"href":"https:\/\/www.diarioimagen.net\/index.php?rest_route=%2Fwp%2Fv2%2Fcategories&post=551472"},{"taxonomy":"post_tag","embeddable":true,"href":"https:\/\/www.diarioimagen.net\/index.php?rest_route=%2Fwp%2Fv2%2Ftags&post=551472"}],"curies":[{"name":"wp","href":"https:\/\/api.w.org\/{rel}","templated":true}]}}