{"id":551476,"date":"2022-06-28T00:03:44","date_gmt":"2022-06-28T05:03:44","guid":{"rendered":"https:\/\/www.diarioimagen.net\/?p=551476"},"modified":"2022-06-29T02:27:09","modified_gmt":"2022-06-29T07:27:09","slug":"el-mata-jesuitas-protegido","status":"publish","type":"post","link":"https:\/\/www.diarioimagen.net\/?p=551476","title":{"rendered":"El \u201cmata-jesuitas\u201d, protegido"},"content":{"rendered":"<h2>Centro..!<\/h2>\n<h5>Arturo R\u00edos Ruiz<\/h5>\n<p>&nbsp;<\/p>\n<ul>\n<li><strong><em>Estado y Federaci\u00f3n, manchados<\/em><\/strong><\/li>\n<li><strong><em>En la regi\u00f3n trotaba como si nada<\/em><\/strong><\/li>\n<\/ul>\n<p>&nbsp;<\/p>\n<p>\u201cHay que investigar, es inaceptable y muy sospechoso el que una persona as\u00ed llevara\u00a0una vida tan normal\u00a0porque, seg\u00fan el informe de la Fiscal\u00eda del Estado de\u00a0Chihuahua<strong>,\u00a0<\/strong>era patrocinador de un equipo de beisbol<strong>\u00a0<\/strong>con los antecedentes que ya ten\u00eda y conocido en toda la regi\u00f3n, con \u00f3rdenes de aprehensi\u00f3n\u201d, dijo AMLO.<\/p>\n<p>La respuesta est\u00e1 a la vista: \u201cEl Chueco\u201d era buscado, tanto por autoridades estatales como federales, desde 2017, tras ordenar un ataque a las instalaciones de la Agencia Estatal de Investigaciones. Inform\u00f3 el diario\u00a0<em>Milenio<\/em>\u00a0que Portillo Gil tambi\u00e9n podr\u00eda estar involucrado a los delitos de\u00a0tala ilegal\u00a0y\u00a0robo de cobre, delitos federales.\u00a0Se afirma que trabajaba para la banda de \u201cLos Salazar\u201d.<\/p>\n<p>Son culpas compartidas del estado y la Federaci\u00f3n que traslucen la putrefacci\u00f3n policiaca y judicial en ambos \u00e1mbitos y la \u201cpromesa anticorrupci\u00f3n\u201d, es una comedia inusitada enga\u00f1abobos. Andaba como pez en el agua.<\/p>\n<p>Ahora s\u00ed, la Fiscal\u00eda de Chihuahua pidi\u00f3 al Instituto Nacional de Migraci\u00f3n emitir una\u00a0alerta migratoria\u00a0a nombre de Jos\u00e9 Noriel Portillo Gil, apodado \u201cEl Chueco\u201d, se\u00f1alado como presunto asesino de tres personas, dos sacerdotes jesuitas y\u00a0un gu\u00eda,\u00a0en Urique, Chihuahua.\u00a0Siempre lo tuvieron a tiro de piedra y no lo detuvieron; hasta organizaba partidos de beis.<\/p>\n<p>Se conoce que\u00a0el equipo apoyado por el sujeto perdi\u00f3, se gener\u00f3 una disputa con el rival, \u201cEl Chueco\u201d, deton\u00f3 un arma y, m\u00e1s tarde, fue a un domicilio de Cerocahui, para localizar a Paul B., un\u00a0habitante de la comunidad; prendi\u00f3 fuego a la vivienda.\u00a0Presumiblemente. Paul y su hermano Armando est\u00e1n desaparecidos.<\/p>\n<p>Ni el narcotr\u00e1fico ni la lucha de los gobiernos mexicanos para erradicar o contener el narcotr\u00e1fico son nuevos. Por el contrario, todos los Presidentes de M\u00e9xico han intentado resolver el problema del tr\u00e1fico de drogas con diferentes medios, escribi\u00f3 C\u00e9sar Morales Oyarvide de la Universidad Complutense Madrid.<\/p>\n<p>Felipe Calder\u00f3n, en 2006, realiz\u00f3 una guerra contra el \u201cnarco\u201d sin bases firmes, m\u00e1s con fines pol\u00edticos que efectiva, pero\u00a0s\u00f3lo intensific\u00f3 la violencia de las mafias, hubo abusos de poder por parte de las fuerzas armadas. La batalla fue infructuosa.<\/p>\n<p>El caso de \u201cEl Chueco\u201d es una muestra representativa de la impunidad en gran parte de M\u00e9xico; la imposici\u00f3n de funcionarios en todos los niveles, cuotas, cr\u00edmenes al por mayor y represi\u00f3n tienen aplastadas a las autoridades, y el Ej\u00e9rcito entretenido manejando miles de millones de pesos a costa del resguardo de la poblaci\u00f3n.<\/p>\n<p>El Informe de Seguridad mensual inform\u00f3 que en el inicio de\u00a02022\u00a0se registraron 3,600 asesinatos\u00a0homicidios dolosos, m\u00e1s los contabilizados en el a\u00f1o. En marzo, los homicidios aumentaron, respecto a los cuatro meses anteriores. La espiral rebasa los records anteriores y todo indica que continuar\u00e1 en el mismo sentido.<\/p>\n<p>Un informe de la Iniciativa Global contra el Crimen Organizado Transnacional pone a nuestro pa\u00eds en el\u00a0<strong>cuarto\u00a0lugar<\/strong>\u00a0de las naciones con mayor crimen organizado.\u00a0Un esca\u00f1o deshonroso que constri\u00f1e a los habitantes de la naci\u00f3n, a la que mandatario considera \u201cfeliz&#8230; feliz&#8230;<\/p>\n<p><em><a href=\"mailto:rrrart2000@hotmail.com\" target=\"_blank\" rel=\"noopener noreferrer\">rrrart2000@hotmail.com<\/a><\/em><\/p>\n","protected":false},"excerpt":{"rendered":"<p><span style=\"color: #005497;\"><strong>Arturo R\u00edos Ruiz<\/strong><\/span><\/p>\n","protected":false},"author":3,"featured_media":0,"comment_status":"open","ping_status":"open","sticky":false,"template":"","format":"standard","meta":{"_monsterinsights_skip_tracking":false,"_monsterinsights_sitenote_active":false,"_monsterinsights_sitenote_note":"","_monsterinsights_sitenote_category":0,"footnotes":""},"categories":[82265],"tags":[82266,10806,43674],"class_list":["post-551476","post","type-post","status-publish","format-standard","hentry","category-arturo-rios-ruiz","tag-arturo-rios-ruiz","tag-centro","tag-opinion"],"_links":{"self":[{"href":"https:\/\/www.diarioimagen.net\/index.php?rest_route=\/wp\/v2\/posts\/551476","targetHints":{"allow":["GET"]}}],"collection":[{"href":"https:\/\/www.diarioimagen.net\/index.php?rest_route=\/wp\/v2\/posts"}],"about":[{"href":"https:\/\/www.diarioimagen.net\/index.php?rest_route=\/wp\/v2\/types\/post"}],"author":[{"embeddable":true,"href":"https:\/\/www.diarioimagen.net\/index.php?rest_route=\/wp\/v2\/users\/3"}],"replies":[{"embeddable":true,"href":"https:\/\/www.diarioimagen.net\/index.php?rest_route=%2Fwp%2Fv2%2Fcomments&post=551476"}],"version-history":[{"count":0,"href":"https:\/\/www.diarioimagen.net\/index.php?rest_route=\/wp\/v2\/posts\/551476\/revisions"}],"wp:attachment":[{"href":"https:\/\/www.diarioimagen.net\/index.php?rest_route=%2Fwp%2Fv2%2Fmedia&parent=551476"}],"wp:term":[{"taxonomy":"category","embeddable":true,"href":"https:\/\/www.diarioimagen.net\/index.php?rest_route=%2Fwp%2Fv2%2Fcategories&post=551476"},{"taxonomy":"post_tag","embeddable":true,"href":"https:\/\/www.diarioimagen.net\/index.php?rest_route=%2Fwp%2Fv2%2Ftags&post=551476"}],"curies":[{"name":"wp","href":"https:\/\/api.w.org\/{rel}","templated":true}]}}