{"id":551484,"date":"2022-06-28T00:10:45","date_gmt":"2022-06-28T05:10:45","guid":{"rendered":"https:\/\/www.diarioimagen.net\/?p=551484"},"modified":"2022-06-28T01:35:00","modified_gmt":"2022-06-28T06:35:00","slug":"tambien-se-pelea-con-dios","status":"publish","type":"post","link":"https:\/\/www.diarioimagen.net\/?p=551484","title":{"rendered":"Tambi\u00e9n se pelea con Dios"},"content":{"rendered":"<h2>Triple Erre<\/h2>\n<h5>Francisco Reynoso<\/h5>\n<p>&nbsp;<\/p>\n<p>En la Iglesia cat\u00f3lica, apost\u00f3lica y romana, el presidente L\u00f3pez Obrador podr\u00eda toparse con su sanedr\u00edn que lo juzgue y condene por su pol\u00edtica infame de abrazos, no balazos que tiene, en menos de cuatro a\u00f1os, un saldo de m\u00e1s de 120 mil asesinatos.<\/p>\n<p>Hasta ahora, el pueblo sabio, el pueblo pobre, el pueblo ignorante lo ha defendido de todas sus barbaridades. Gracias a ese respaldo popular al \u201ccaudillo\u201d le han hecho lo que el viento a Ju\u00e1rez las embestidas furiosas de la oposici\u00f3n, con los ricos detr\u00e1s de ellas.<\/p>\n<p>Pero el clero es otro cantar. Y no son pocos quienes recomiendan no desatar la ira del Se\u00f1or.<\/p>\n<p>Porque en las iglesias el precepto que m\u00e1s atienden los hombres de sotana es: \u201cA Dios rogando y con el mazo dando\u201d.<\/p>\n<p>Y para no ir a mitos de la historia, que le reencanta al \u201ccaudillo\u201d, convendr\u00eda que echara una mirada a las d\u00e9cadas de los a\u00f1os ochenta y noventa, del siglo pasado, en San Crist\u00f3bal de las Casas. Es universalmente sabido que el obispo Samuel Ruiz, \u201cTatik\u201d o \u201cpadre coleto\u201d, siempre estuvo atr\u00e1s y bendijo el levantamiento armado del EZLN del Subcomandante Marcos.<\/p>\n<p style=\"text-align: center;\"><strong>Apergollados por la oligarqu\u00eda<\/strong><\/p>\n<p>Despu\u00e9s de los asesinatos de los padres jesuitas Joaqu\u00edn C\u00e9sar Mora Salazar y Javier Campos Morales, el presidente L\u00f3pez y su pol\u00edtica de abrazos, no balazos ha sido duramente criticada por la jerarqu\u00eda eclesi\u00e1stica.<\/p>\n<p>Y no s\u00f3lo se ha pronunciado la Arquidi\u00f3cesis de M\u00e9xico, que encabeza el arzobispo Carlos Aguiar Retes, tambi\u00e9n han habido reacciones de la curia vaticana, incluyendo al Papa Francisco.<\/p>\n<p>Las voces de la Iglesia Cat\u00f3lica advierten a L\u00f3pez Obrador de la inoperancia de su estrategia de \u201cabrazos no, balazos\u201d para combatir al crimen organizado.<\/p>\n<p>En las exequias de los jesuitas asesinados en una iglesia de Cerocahui, en la Sierra Tarahumara, el padre \u201cPato\u201d, Javier \u00c1vila, compa\u00f1ero de las v\u00edctimas durante d\u00e9cadas, exigi\u00f3 al presidente L\u00f3pez cambiar la estrategia de seguridad. \u201cLos abrazos ya no alcanzan a cubrir los balazos\u201d, sentenci\u00f3.<\/p>\n<p>El serm\u00f3n del padre \u201cPato\u201d fue escuchado y seguido en las redes sociales por m\u00e1s de 10 mil personas s\u00f3lo en Chihuahua. Horas despu\u00e9s se viraliz\u00f3.<\/p>\n<p>Y precisamente por ese reclamo el \u201ccaudillo\u201d ayer decidi\u00f3 confrontarse con la Iglesia mexicana.<\/p>\n<p>A sabiendas de que los curas son \u201ccomo el alma de Judas\u201d y -\u2014advierte Francisco Mart\u00edn Moreno en su libro \u201cM\u00e9xico Ante Dios\u201d\u2014 coludidos con militares derrocaron gobiernos, como el de Benito Ju\u00e1rez, e instauraron tronos, como los de Iturbide y Maximiliano,<\/p>\n<p>L\u00f3pez se pelea con ellos. Y casi los acusa de ser traidores a la patria.<\/p>\n<p>En su ma\u00f1anera del lunes, el \u201ccaudillo\u201d reproch\u00f3 a los ensotanados:<\/p>\n<p>\u201cSe les olvida a los religiosos c\u00f3mo creci\u00f3 en M\u00e9xico el n\u00famero de masacres, c\u00f3mo remataban (a los detenidos), no siguen el ejemplo del Papa Francisco, porque est\u00e1n muy apergollados por la oligarqu\u00eda mexicana\u201d.<\/p>\n<p style=\"text-align: center;\"><strong>El Anticristo de la 4T<\/strong><\/p>\n<p>Quiz\u00e1 L\u00f3pez Obrador no lo haga con premeditaci\u00f3n, alevos\u00eda y ventaja. Aunque es de dudarse. Porque este cuate \u201cno da paso sin huarache\u201d. Decide castigarlos sin palo y sin cuarta con trasfondo pol\u00edtico. Nada le har\u00eda m\u00e1s feliz que la Iglesia cat\u00f3lica, como a su \u00eddolo Benito Ju\u00e1rez, lo excomulgara y lo colocara como Anticristo en la lista de enemigos de Dios.<\/p>\n<p>Mart\u00edn Moreno es uno de los miles de intelectuales a los que el \u201ccaudillo\u201d L\u00f3pez considera enemigos irreconciliables de la Cuarta Transformaci\u00f3n.<\/p>\n<p>Y lo ubica como enemigo personal.<\/p>\n<p>Pese a ello, a L\u00f3pez le convendr\u00eda echarle un vistazo a \u201cM\u00e9xico ante Dios\u201d. As\u00ed podr\u00eda medirle el agua a los camotes.<\/p>\n<p>Escribe Moreno: \u201cAl clero que financiaba ej\u00e9rcitos, derrocaba gobiernos constitucionales, organizaba en las sacrist\u00edas sangrientos golpes de Estado, revueltas, levantamientos, asonadas y cuartelazos contra gobiernos liberales cuando estos apuntaban en direcci\u00f3n a los bienes clericales\u201d.<\/p>\n<p style=\"text-align: center;\"><strong>Los narcos y el Santo Malverde<\/strong><\/p>\n<p>Y el \u201ccaudillo\u201d tampoco debe perder de vista que los narcos son, en su inmensa mayor\u00eda, cat\u00f3licos y temerosos de la ira de Dios. Y suelen ser, al menos los capos, generosos a la hora de dar limosna o financiar obras p\u00edas.<\/p>\n<p>Se recordar\u00e1 que 1994 el nuncio apost\u00f3lico en M\u00e9xico, Girolamo Prigione se reuni\u00f3 en secreto con los hermanos Ram\u00f3n y Benjam\u00edn Arellano F\u00e9lix, a quienes se acus\u00f3 de planear el asesinato del cardenal Juan Jes\u00fas Posadas Ocampo, supuestamente al confundirlo con el \u201cChapo\u201d, Joaqu\u00edn Archivaldo Guzm\u00e1n Loera.<\/p>\n<p>Y qui\u00e9n no sabe que todos los narcos, desde capos hasta sicarios y \u201chalcones\u201d, son adoradores del Santo Malverde, a quien la Iglesia no reconoce como tal, pero s\u00ed como \u201c\u00e1nima bendita\u201d.<\/p>\n<p>Jes\u00fas Malverde fue un salteador de caminos. Y como el \u201cChapo\u201d Guzm\u00e1n, naci\u00f3 en Sinaloa. Sabr\u00e1 Dios c\u00f3mo fue que se convirti\u00f3 en el santo patr\u00f3n de los narcotraficantes.<\/p>\n<p>As\u00ed las cosas, el \u201ccaudillo\u201d L\u00f3pez debe andarse con pies de plomo.<\/p>\n<p>Confrontarse con la Iglesia cat\u00f3lica, apost\u00f3lica y romana implica muchos riesgos.<\/p>\n<p>Porque los principales aliados de la 4T son los pobres. Y los pobres pueden ser muy d\u00f3ciles y manipulables a condici\u00f3n de que no se metan con sus santos, con su fe en tata Dios y con los padrecitos, sus representantes en la tierra.<\/p>\n<p>&nbsp;<\/p>\n<blockquote>\n<p style=\"text-align: right;\"><strong><em>La verdad es la verdad y no admite otros datos<\/em><\/strong><\/p>\n<\/blockquote>\n<p>&nbsp;<\/p>\n<p><a href=\"mailto:donrunrun@yahoo.es\" target=\"_blank\" rel=\"noopener\"><em>donrunrun@yahoo.es<\/em><\/a><\/p>\n","protected":false},"excerpt":{"rendered":"<p><span style=\"color: #005497;\"><strong>Francisco Reynoso<\/strong><\/span><\/p>\n","protected":false},"author":3,"featured_media":0,"comment_status":"open","ping_status":"open","sticky":false,"template":"","format":"standard","meta":{"_monsterinsights_skip_tracking":false,"_monsterinsights_sitenote_active":false,"_monsterinsights_sitenote_note":"","_monsterinsights_sitenote_category":0,"footnotes":""},"categories":[94855],"tags":[94857,43674,94856],"class_list":["post-551484","post","type-post","status-publish","format-standard","hentry","category-francisco-reynoso","tag-francisco-reynoso","tag-opinion","tag-triple-erre"],"_links":{"self":[{"href":"https:\/\/www.diarioimagen.net\/index.php?rest_route=\/wp\/v2\/posts\/551484","targetHints":{"allow":["GET"]}}],"collection":[{"href":"https:\/\/www.diarioimagen.net\/index.php?rest_route=\/wp\/v2\/posts"}],"about":[{"href":"https:\/\/www.diarioimagen.net\/index.php?rest_route=\/wp\/v2\/types\/post"}],"author":[{"embeddable":true,"href":"https:\/\/www.diarioimagen.net\/index.php?rest_route=\/wp\/v2\/users\/3"}],"replies":[{"embeddable":true,"href":"https:\/\/www.diarioimagen.net\/index.php?rest_route=%2Fwp%2Fv2%2Fcomments&post=551484"}],"version-history":[{"count":0,"href":"https:\/\/www.diarioimagen.net\/index.php?rest_route=\/wp\/v2\/posts\/551484\/revisions"}],"wp:attachment":[{"href":"https:\/\/www.diarioimagen.net\/index.php?rest_route=%2Fwp%2Fv2%2Fmedia&parent=551484"}],"wp:term":[{"taxonomy":"category","embeddable":true,"href":"https:\/\/www.diarioimagen.net\/index.php?rest_route=%2Fwp%2Fv2%2Fcategories&post=551484"},{"taxonomy":"post_tag","embeddable":true,"href":"https:\/\/www.diarioimagen.net\/index.php?rest_route=%2Fwp%2Fv2%2Ftags&post=551484"}],"curies":[{"name":"wp","href":"https:\/\/api.w.org\/{rel}","templated":true}]}}