{"id":551601,"date":"2022-06-29T00:06:30","date_gmt":"2022-06-29T05:06:30","guid":{"rendered":"https:\/\/www.diarioimagen.net\/?p=551601"},"modified":"2022-06-29T22:41:49","modified_gmt":"2022-06-30T03:41:49","slug":"impulsa-la-autonoma-mexiquense-captacion-de-agua-de-lluvia","status":"publish","type":"post","link":"https:\/\/www.diarioimagen.net\/?p=551601","title":{"rendered":"Impulsa la Aut\u00f3noma mexiquense captaci\u00f3n de agua de lluvia"},"content":{"rendered":"<p><em>\u00a0<\/em><\/p>\n<ul>\n<li><strong><em>La Facultad de Geograf\u00eda de la UAEM\u00e9x es el segundo espacio universitario que contar\u00e1 con el sistema captaci\u00f3n de l\u00edquido pluvial<\/em><\/strong><\/li>\n<\/ul>\n<p><strong>\u00a0<\/strong><\/p>\n<div id=\"attachment_551699\" style=\"width: 470px\" class=\"wp-caption aligncenter\"><img loading=\"lazy\" decoding=\"async\" aria-describedby=\"caption-attachment-551699\" class=\"size-full wp-image-551699\" src=\"https:\/\/www.diarioimagen.net\/wp-content\/uploads\/2022\/06\/uaem-17.jpg\" alt=\"\" width=\"460\" height=\"270\" \/><p id=\"caption-attachment-551699\" class=\"wp-caption-text\">Una vez almacenada, el agua pasar\u00e1 por un tratamiento profundo de limpieza para que pueda ser utilizada para las distintas actividades que se requieran en la Facultad de Geograf\u00eda.<\/p><\/div>\n<p>&nbsp;<\/p>\n<p><strong>Toluca, Estado de M\u00e9xico.\u2014<\/strong> Reducir los encharcamientos e inundaciones en \u00e9poca de lluvia, disminuir la afectaci\u00f3n ambiental por la extracci\u00f3n de agua del subsuelo y lograr que la distribuci\u00f3n del vital l\u00edquido llegue a m\u00e1s personas son algunas de las bondades que tiene la implementaci\u00f3n de sistemas de captaci\u00f3n de agua pluvial como el que est\u00e1 en proceso de instalaci\u00f3n en la Facultad de Geograf\u00eda de la Universidad Aut\u00f3noma del Estado de M\u00e9xico (UAEM\u00e9x).<\/p>\n<p>El sistema consiste en la implementaci\u00f3n de canaletas con rejillas para evitar que se cuelen ramas o basura y un sedimentador para quitar arenas y gravillas, que permitir\u00e1 conducir el vital l\u00edquido a un dep\u00f3sito de almacenamiento que, en el caso de la Facultad de Geograf\u00eda, ser\u00e1 una cisterna.<\/p>\n<p>Una vez almacenada, el agua pasar\u00e1 por un tratamiento de limpieza con el uso de filtros de part\u00edculas finas y de carb\u00f3n activado para que el l\u00edquido captado no tenga olores ni sabores, finalmente, tendr\u00e1 un proceso de eliminaci\u00f3n de pat\u00f3genos, a trav\u00e9s, de l\u00e1mpara de luz ultra violeta.<\/p>\n<p>El director de Protecci\u00f3n al Ambiente de la UAEM\u00e9x, Ra\u00fal Vera Noguez, detall\u00f3 que se estima que en un a\u00f1o se logren almacenar 600 metros c\u00fabicos de agua de lluvia la cual, al estar en constante tratamiento de limpieza, podr\u00e1 utilizarse como el agua potable que abastece el sistema hidr\u00e1ulico local.<\/p>\n<p>\u201cEl agua se destinar\u00eda al uso que se le da a la Facultad de Geograf\u00eda por eso el tratamiento de eliminar desde part\u00edculas finas, hasta eliminar pat\u00f3genos, se prev\u00e9 que el agua se vaya consumiendo conforme se va captando, es decir, en los d\u00edas de m\u00e1xima lluvia se estar\u00eda utilizando, pr\u00e1cticamente agua de lluvia y en los meses que tengamos menos precipitaci\u00f3n usar\u00edas el agua de lluvia y complementaremos con agua de la red y los meses que no haya precipitaci\u00f3n, ser\u00eda esencialmente, agua de la red\u201d, indic\u00f3.<\/p>\n<p>Vera Noguez extern\u00f3 que otro de los objetivos de la implementaci\u00f3n del sistema de captaci\u00f3n de agua pluvial es lograr la concientizaci\u00f3n de la comunidad universitaria sobre la importancia del ahorro del agua y su adecuado uso<\/p>\n<p>\u201cSe requiere que todos estemos conscientes de que el agua es un recurso vital y que tenemos que cuidarlo, entonces, esto va a acompa\u00f1ado de una campa\u00f1a de concientizaci\u00f3n donde se trabaja con la comunidad para que usemos racionalmente el agua, est\u00e1 bien que captemos el agua de lluvia pero eso no significa que la desperdiciemos\u201d, indic\u00f3.<\/p>\n<p>De acuerdo con Noguez este sistema que ya se ha implementado en el Instituto de Ciencias Agr\u00edcolas y Rurales (ICAR), pr\u00f3ximamente en la Facultad de Geograf\u00eda busca ser replicado en los distintos espacios universitarios con el prop\u00f3sito de que la UAEM\u00e9x sea una universidad verde.<\/p>\n","protected":false},"excerpt":{"rendered":"<p>Reducir los encharcamientos e inundaciones en \u00e9poca de lluvia, disminuir la afectaci\u00f3n ambiental por la extracci\u00f3n de agua del subsuelo y lograr que la distribuci\u00f3n del vital l\u00edquido llegue a m\u00e1s personas son algunas de las bondades que tiene la implementaci\u00f3n de sistemas de captaci\u00f3n de agua pluvial como el que est\u00e1 en proceso de instalaci\u00f3n en la Facultad de Geograf\u00eda de la Universidad Aut\u00f3noma del Estado de M\u00e9xico (UAEM\u00e9x).<\/p>\n","protected":false},"author":3,"featured_media":551699,"comment_status":"open","ping_status":"open","sticky":false,"template":"","format":"standard","meta":{"_monsterinsights_skip_tracking":false,"_monsterinsights_sitenote_active":false,"_monsterinsights_sitenote_note":"","_monsterinsights_sitenote_category":0,"footnotes":""},"categories":[5],"tags":[95787,43675,4938,452,67878],"class_list":["post-551601","post","type-post","status-publish","format-standard","has-post-thumbnail","hentry","category-estado-de-mexico","tag-captacion","tag-estado-de-mexico","tag-lluvia","tag-toluca","tag-uaemex"],"_links":{"self":[{"href":"https:\/\/www.diarioimagen.net\/index.php?rest_route=\/wp\/v2\/posts\/551601","targetHints":{"allow":["GET"]}}],"collection":[{"href":"https:\/\/www.diarioimagen.net\/index.php?rest_route=\/wp\/v2\/posts"}],"about":[{"href":"https:\/\/www.diarioimagen.net\/index.php?rest_route=\/wp\/v2\/types\/post"}],"author":[{"embeddable":true,"href":"https:\/\/www.diarioimagen.net\/index.php?rest_route=\/wp\/v2\/users\/3"}],"replies":[{"embeddable":true,"href":"https:\/\/www.diarioimagen.net\/index.php?rest_route=%2Fwp%2Fv2%2Fcomments&post=551601"}],"version-history":[{"count":0,"href":"https:\/\/www.diarioimagen.net\/index.php?rest_route=\/wp\/v2\/posts\/551601\/revisions"}],"wp:featuredmedia":[{"embeddable":true,"href":"https:\/\/www.diarioimagen.net\/index.php?rest_route=\/wp\/v2\/media\/551699"}],"wp:attachment":[{"href":"https:\/\/www.diarioimagen.net\/index.php?rest_route=%2Fwp%2Fv2%2Fmedia&parent=551601"}],"wp:term":[{"taxonomy":"category","embeddable":true,"href":"https:\/\/www.diarioimagen.net\/index.php?rest_route=%2Fwp%2Fv2%2Fcategories&post=551601"},{"taxonomy":"post_tag","embeddable":true,"href":"https:\/\/www.diarioimagen.net\/index.php?rest_route=%2Fwp%2Fv2%2Ftags&post=551601"}],"curies":[{"name":"wp","href":"https:\/\/api.w.org\/{rel}","templated":true}]}}