{"id":551607,"date":"2022-06-29T00:01:28","date_gmt":"2022-06-29T05:01:28","guid":{"rendered":"https:\/\/www.diarioimagen.net\/?p=551607"},"modified":"2022-06-29T03:03:44","modified_gmt":"2022-06-29T08:03:44","slug":"respetare-resultado-de-encuesta-para-coordinador-del-comite-de-defensa-de-la-4t-higinio-martinez","status":"publish","type":"post","link":"https:\/\/www.diarioimagen.net\/?p=551607","title":{"rendered":"Respetar\u00e9 resultado de encuesta para coordinador del Comit\u00e9 de Defensa de la 4T: Higinio Mart\u00ednez"},"content":{"rendered":"<p>&nbsp;<\/p>\n<ul>\n<li><em><strong>Ejercicio en el Estado de M\u00e9xico<\/strong><\/em><\/li>\n<\/ul>\n<p>&nbsp;<\/p>\n<div id=\"attachment_551732\" style=\"width: 285px\" class=\"wp-caption alignright\"><img loading=\"lazy\" decoding=\"async\" aria-describedby=\"caption-attachment-551732\" class=\"wp-image-551732\" src=\"https:\/\/www.diarioimagen.net\/wp-content\/uploads\/2022\/06\/BAENA2-2.jpg\" alt=\"\" width=\"275\" height=\"424\" \/><p id=\"caption-attachment-551732\" class=\"wp-caption-text\">Higinio Mart\u00ednez conf\u00eda en que la o el candidato de la 4T sea el mejor para no permitir que el PRI siga gobernando el Estado de M\u00e9xico.<\/p><\/div>\n<p><strong>Texcoco, Estado de M\u00e9xico.\u2014<\/strong> Higinio Mart\u00ednez Miranda, fuerte aspirante a la candidatura de Morena al gobierno mexiquense, afirm\u00f3 que respetar\u00e1 el procedimiento de la encuesta, figura a trav\u00e9s de la que ese partido seleccionar\u00e1 al coordinador del Comit\u00e9 por la Defensa de la 4T en el territorio mexiquense.<\/p>\n<p>A trav\u00e9s del movimiento \u201cMexiquenses de Coraz\u00f3n\u201d contin\u00faa con el respaldo de miles de personas. Mart\u00ednez Miranda reiter\u00f3 que \u201cparticipe o no en dicha encuesta\u201d aceptar\u00e1 el resultado. Enfatiz\u00f3 que \u00e9l buscaba que la definici\u00f3n se realizar\u00e1 mediante consenso entre los l\u00edderes y militantes de Morena; pero no tomaron en cuenta su propuesta.<\/p>\n<p>A la vez que reclam\u00f3: \u201cMis compa\u00f1eras y compa\u00f1eros que no aceptaron el reto de verme a los ojos y decirme el por qu\u00e9 no pod\u00edan apoyarme o en su caso porque no tuvieron el valor de pedirme mi apoyo para que ellos tuvieran \u00e9sta designaci\u00f3n\u201d.<\/p>\n<p>Sin embargo, consider\u00f3 que hoy la disyuntiva que tienen los dirigentes nacionales es si van a reconocer y respetar a mexiquenses de coraz\u00f3n, el movimiento m\u00e1s amplio del partido de la Esperanza en el Estado de M\u00e9xico.<\/p>\n<p>A pregunta expresa sobre \u00bfsi quiere ser gobernador? detall\u00f3 que no est\u00e1 obsesionado \u201cno soy ning\u00fan ambicioso vulgar\u201d, aunque tiene sue\u00f1os de cambios importantes para el Estado de M\u00e9xico.<\/p>\n<p>Con respecto al rumor de que si no es candidato se va a ir de Morena, ataja que \u201cla traici\u00f3n y la deslealtad jam\u00e1s han estado de mi lado y a\u00f1adi\u00f3 que nunca va a traicionar su historia pol\u00edtica y p\u00fablica de 47 a\u00f1os de militancia partidista.<\/p>\n<p>Y para finalizar conf\u00eda en que la o el candidato de la 4T sea el mejor para no permitir que el PRI gobierne por 100 a\u00f1os el Estado de M\u00e9xico.<\/p>\n","protected":false},"excerpt":{"rendered":"<p>Higinio Mart\u00ednez Miranda, fuerte aspirante a la candidatura de Morena al gobierno mexiquense, afirm\u00f3 que respetar\u00e1 el procedimiento de la encuesta, figura a trav\u00e9s de la que ese partido seleccionar\u00e1 al coordinador del Comit\u00e9 por la Defensa de la 4T en el territorio mexiquense.<\/p>\n","protected":false},"author":3,"featured_media":551732,"comment_status":"open","ping_status":"open","sticky":false,"template":"","format":"standard","meta":{"_monsterinsights_skip_tracking":false,"_monsterinsights_sitenote_active":false,"_monsterinsights_sitenote_note":"","_monsterinsights_sitenote_category":0,"footnotes":""},"categories":[5],"tags":[43675,95851,540],"class_list":["post-551607","post","type-post","status-publish","format-standard","has-post-thumbnail","hentry","category-estado-de-mexico","tag-estado-de-mexico","tag-mexiquenses-de-corazon","tag-texcoco"],"_links":{"self":[{"href":"https:\/\/www.diarioimagen.net\/index.php?rest_route=\/wp\/v2\/posts\/551607","targetHints":{"allow":["GET"]}}],"collection":[{"href":"https:\/\/www.diarioimagen.net\/index.php?rest_route=\/wp\/v2\/posts"}],"about":[{"href":"https:\/\/www.diarioimagen.net\/index.php?rest_route=\/wp\/v2\/types\/post"}],"author":[{"embeddable":true,"href":"https:\/\/www.diarioimagen.net\/index.php?rest_route=\/wp\/v2\/users\/3"}],"replies":[{"embeddable":true,"href":"https:\/\/www.diarioimagen.net\/index.php?rest_route=%2Fwp%2Fv2%2Fcomments&post=551607"}],"version-history":[{"count":0,"href":"https:\/\/www.diarioimagen.net\/index.php?rest_route=\/wp\/v2\/posts\/551607\/revisions"}],"wp:featuredmedia":[{"embeddable":true,"href":"https:\/\/www.diarioimagen.net\/index.php?rest_route=\/wp\/v2\/media\/551732"}],"wp:attachment":[{"href":"https:\/\/www.diarioimagen.net\/index.php?rest_route=%2Fwp%2Fv2%2Fmedia&parent=551607"}],"wp:term":[{"taxonomy":"category","embeddable":true,"href":"https:\/\/www.diarioimagen.net\/index.php?rest_route=%2Fwp%2Fv2%2Fcategories&post=551607"},{"taxonomy":"post_tag","embeddable":true,"href":"https:\/\/www.diarioimagen.net\/index.php?rest_route=%2Fwp%2Fv2%2Ftags&post=551607"}],"curies":[{"name":"wp","href":"https:\/\/api.w.org\/{rel}","templated":true}]}}