{"id":551609,"date":"2022-06-29T00:04:22","date_gmt":"2022-06-29T05:04:22","guid":{"rendered":"https:\/\/www.diarioimagen.net\/?p=551609"},"modified":"2022-06-29T03:04:22","modified_gmt":"2022-06-29T08:04:22","slug":"a-la-4t-le-llego-la-hora-en-edomex-afirma-el-dirigente-priista-eric-sevilla","status":"publish","type":"post","link":"https:\/\/www.diarioimagen.net\/?p=551609","title":{"rendered":"A la 4T le lleg\u00f3 la hora en Edomex, afirma el dirigente priista, Eric Sevilla"},"content":{"rendered":"<p>&nbsp;<\/p>\n<p><img loading=\"lazy\" decoding=\"async\" class=\"aligncenter size-full wp-image-551727\" src=\"https:\/\/www.diarioimagen.net\/wp-content\/uploads\/2022\/06\/BAENA4-2.jpg\" alt=\"\" width=\"460\" height=\"270\" \/><\/p>\n<p>&nbsp;<\/p>\n<p><strong>Valle de M\u00e9xico.\u2014<\/strong> En las elecciones del pr\u00f3ximo a\u00f1o los priistas del Estado de M\u00e9xico enfrentar\u00e1n la \u201cmadre de todas las batallas\u201d y tambi\u00e9n a un r\u00e9gimen autocr\u00e1tico \u201cde un s\u00f3lo hombre que gobierna de 6 a 9 de la ma\u00f1ana, donde se dictan las cosas a esa hora y no volvemos a ver a nadie para nada\u201d.<\/p>\n<p>Dijo lo anterior Eric Sevilla, presidente del Comit\u00e9 Directivo Estatal (CDE) del PRI, al tiempo de se\u00f1alar que M\u00e9xico se encuentra a la deriva y aument\u00f3 la pobreza todos los d\u00edas, por eso \u201cle d\u00e9cimos a la 4T que les lleg\u00f3 la hora, aqu\u00ed en el Estado de M\u00e9xico les vamos a parar el teatrito\u201d.<\/p>\n","protected":false},"excerpt":{"rendered":"<p>En las elecciones del pr\u00f3ximo a\u00f1o los priistas del Estado de M\u00e9xico enfrentar\u00e1n la \u201cmadre de todas las batallas\u201d y tambi\u00e9n a un r\u00e9gimen autocr\u00e1tico \u201cde un s\u00f3lo hombre que gobierna de 6 a 9 de la ma\u00f1ana, donde se dictan las cosas a esa hora y no volvemos a ver a nadie para nada\u201d.<\/p>\n","protected":false},"author":3,"featured_media":551727,"comment_status":"open","ping_status":"open","sticky":false,"template":"","format":"standard","meta":{"_monsterinsights_skip_tracking":false,"_monsterinsights_sitenote_active":false,"_monsterinsights_sitenote_note":"","_monsterinsights_sitenote_category":0,"footnotes":""},"categories":[5],"tags":[95852,68],"class_list":["post-551609","post","type-post","status-publish","format-standard","has-post-thumbnail","hentry","category-estado-de-mexico","tag-comite-directivo-estatal","tag-edomex"],"_links":{"self":[{"href":"https:\/\/www.diarioimagen.net\/index.php?rest_route=\/wp\/v2\/posts\/551609","targetHints":{"allow":["GET"]}}],"collection":[{"href":"https:\/\/www.diarioimagen.net\/index.php?rest_route=\/wp\/v2\/posts"}],"about":[{"href":"https:\/\/www.diarioimagen.net\/index.php?rest_route=\/wp\/v2\/types\/post"}],"author":[{"embeddable":true,"href":"https:\/\/www.diarioimagen.net\/index.php?rest_route=\/wp\/v2\/users\/3"}],"replies":[{"embeddable":true,"href":"https:\/\/www.diarioimagen.net\/index.php?rest_route=%2Fwp%2Fv2%2Fcomments&post=551609"}],"version-history":[{"count":0,"href":"https:\/\/www.diarioimagen.net\/index.php?rest_route=\/wp\/v2\/posts\/551609\/revisions"}],"wp:featuredmedia":[{"embeddable":true,"href":"https:\/\/www.diarioimagen.net\/index.php?rest_route=\/wp\/v2\/media\/551727"}],"wp:attachment":[{"href":"https:\/\/www.diarioimagen.net\/index.php?rest_route=%2Fwp%2Fv2%2Fmedia&parent=551609"}],"wp:term":[{"taxonomy":"category","embeddable":true,"href":"https:\/\/www.diarioimagen.net\/index.php?rest_route=%2Fwp%2Fv2%2Fcategories&post=551609"},{"taxonomy":"post_tag","embeddable":true,"href":"https:\/\/www.diarioimagen.net\/index.php?rest_route=%2Fwp%2Fv2%2Ftags&post=551609"}],"curies":[{"name":"wp","href":"https:\/\/api.w.org\/{rel}","templated":true}]}}