{"id":551664,"date":"2022-06-29T00:04:33","date_gmt":"2022-06-29T05:04:33","guid":{"rendered":"https:\/\/www.diarioimagen.net\/?p=551664"},"modified":"2022-06-29T02:24:35","modified_gmt":"2022-06-29T07:24:35","slug":"migrantes-bandera-politica","status":"publish","type":"post","link":"https:\/\/www.diarioimagen.net\/?p=551664","title":{"rendered":"Migrantes, bandera pol\u00edtica"},"content":{"rendered":"<h2>Desde el portal<\/h2>\n<h5>\u00c1ngel Soriano<\/h5>\n<p>&nbsp;<\/p>\n<p>El gobernador de Texas, Greg Abbot, culp\u00f3 al presidente Joe Biden de la tragedia ocurrida en San Antonio Texas, donde un tr\u00e1iler fue abandonado con m\u00e1s de medio centenar de migrantes, de los cuales 50 hab\u00edan sido reportado muertos y 16 hospitalizados a consecuencia de las condiciones infrahumanas en que eran transportados por inhumadas bandas de delincuentes.<\/p>\n<p>Critic\u00f3 el gobernador texano \u201cla letal pol\u00edtica de fronteras abiertas\u201d del presidente Biden y su negativa a aplicar la Ley, hecho tergiversado, pues si hubiera fronteras abiertas no ocurrir\u00edan esas desgracias: los seres humanos que buscan mejores condiciones de vida tendr\u00edan mayores facilidades para ingresar a la Uni\u00f3n Americana y lograr sus objetivos, cumplir con sus aspiraciones familiares y de esa naci\u00f3n.<\/p>\n<p>Pero como no se comprende el derecho humanitario de la migraci\u00f3n, aun cuando los Estados Unidos como el resto del mundo se ha integrado por corrientes migratorias de distintos rumbos del planeta, se les niega el acceso y se les persigue, polic\u00edas y delincuentes hacen de los ciudadanos que migran de sus naciones a otras, en carne de ca\u00f1\u00f3n, para intereses mercantiles y criminales.<\/p>\n<p>Hoy, la tragedia humanitaria de medio centenar de migrantes es motivo de bandera pol\u00edtica: Abbot, republicano, se lanza en contra del dem\u00f3crata Biden por encima del sufrimiento humano, cuando ha sido el mismo texano quien ha implementado pol\u00edticas represivas en contra de los ilegales e impone medidas de terror en la frontera. Los desplazados de su tierra merecen respeto y solidaridad.<\/p>\n<p style=\"text-align: center;\"><strong>Turbulencias<br \/>\nLa Iglesia contra el Estado<\/strong><\/p>\n<p>No es para menos la indignaci\u00f3n en el medio religioso en contra de la fallida pol\u00edtica de seguridad nacional implementada en nuestro pa\u00eds, que no s\u00f3lo crece en cifras, sino en sufrimientos de comunidades enteras de diversas regiones del pa\u00eds y cuya impunidad ha hecho que se pierdan valores y respeto hacia las instituciones que antes lo eran. El cuestionamiento de la jerarqu\u00eda religiosa har\u00e1 que este fin de semana, desde Dos Bocas, el presidente L\u00f3pez Obrador d\u00e9 respuesta a quienes cuestionan su estrategia de seguridad y, con cifras, afirma, dir\u00e1 que vamos por el rumbo correcto y que no hay cambio. Diversos sectores de la sociedad opinan lo contrario, pero entre dimes y diretes la sociedad civil vive con el Jes\u00fas en la boca: urge restablecer la tranquilidad nacional, tenga la raz\u00f3n quien la tenga; lo que se necesitan son resultados, no enfrentamientos\u2026 Sigue cuestion\u00e1ndose tambi\u00e9n la actividad del gobernador de Nuevo Le\u00f3n, Samuel Garc\u00eda, que enfrenta colosal problema por la falta de agua a colonos m\u00e1s pobres, en tanto que la poderosa industria refresquera y cervecera e influyentes agricultores acaparan concesiones de explotaci\u00f3n de mantos acu\u00edferos en detrimento de la poblaci\u00f3n. Samuel Garc\u00eda se queja de la falta de solidaridad nacional ante semejante problema, en contraste con los apoyos que reciben los estados del sureste del pa\u00eds cuando son v\u00edctimas de fen\u00f3menos naturales. El presidente L\u00f3pez Obrador asegura que s\u00ed hay apoyos, pero falta imaginaci\u00f3n y persuasi\u00f3n a los industriales para que cedan parte de los caudales de agua que reciben. Es otro asunto que se toma como bandera pol\u00edtica y que amenaza con la misma destituci\u00f3n del emecista Samuel Garc\u00eda\u2026 Otro caso que pondr\u00e1 a prueba la impartici\u00f3n de la justicia es el del abogado Jes\u00fas Hern\u00e1ndez Alcocer, que del anonimato salt\u00f3 a la celebridad y a la leyenda con hechos reales e imaginarios. Lo que s\u00ed es una realidad y una bajeza es su cobarde proceder en contra de las mujeres que amerita castigo sin miramientos y que es tambi\u00e9n un ejemplo de c\u00f3mo la impunidad y la compra de la justicia llega tan bestiales acciones como de este abogado acostumbrado a la compra-venta de jueces y ministerio p\u00fablicos.<\/p>\n<p><u><a href=\"mailto:asorianocarrasco@yahoo.com\" target=\"_blank\" rel=\"noopener noreferrer\"><em>asorianocarrasco@yahoo.com<\/em><\/a><br \/>\n<em><a href=\"https:\/\/revistabrecha.com\" target=\"_blank\" rel=\"noopener noreferrer\">www.revistabrecha.com<\/a><br \/>\n<\/em><\/u><em>facebook oficial <a href=\"https:\/\/es-la.facebook.com\/RevistaBrecha.Oficial\" target=\"_blank\" rel=\"noopener\">@BrechaRevista<\/a><\/em><\/p>\n","protected":false},"excerpt":{"rendered":"<p><span style=\"color: #005497;\"><strong>\u00c1ngel Soriano<\/strong><\/span><\/p>\n","protected":false},"author":3,"featured_media":0,"comment_status":"open","ping_status":"open","sticky":false,"template":"","format":"standard","meta":{"_monsterinsights_skip_tracking":false,"_monsterinsights_sitenote_active":false,"_monsterinsights_sitenote_note":"","_monsterinsights_sitenote_category":0,"footnotes":""},"categories":[135],"tags":[85,86,43674],"class_list":["post-551664","post","type-post","status-publish","format-standard","hentry","category-angel-soriano-opinion","tag-angel-soriano","tag-desde-el-portal","tag-opinion"],"_links":{"self":[{"href":"https:\/\/www.diarioimagen.net\/index.php?rest_route=\/wp\/v2\/posts\/551664","targetHints":{"allow":["GET"]}}],"collection":[{"href":"https:\/\/www.diarioimagen.net\/index.php?rest_route=\/wp\/v2\/posts"}],"about":[{"href":"https:\/\/www.diarioimagen.net\/index.php?rest_route=\/wp\/v2\/types\/post"}],"author":[{"embeddable":true,"href":"https:\/\/www.diarioimagen.net\/index.php?rest_route=\/wp\/v2\/users\/3"}],"replies":[{"embeddable":true,"href":"https:\/\/www.diarioimagen.net\/index.php?rest_route=%2Fwp%2Fv2%2Fcomments&post=551664"}],"version-history":[{"count":0,"href":"https:\/\/www.diarioimagen.net\/index.php?rest_route=\/wp\/v2\/posts\/551664\/revisions"}],"wp:attachment":[{"href":"https:\/\/www.diarioimagen.net\/index.php?rest_route=%2Fwp%2Fv2%2Fmedia&parent=551664"}],"wp:term":[{"taxonomy":"category","embeddable":true,"href":"https:\/\/www.diarioimagen.net\/index.php?rest_route=%2Fwp%2Fv2%2Fcategories&post=551664"},{"taxonomy":"post_tag","embeddable":true,"href":"https:\/\/www.diarioimagen.net\/index.php?rest_route=%2Fwp%2Fv2%2Ftags&post=551664"}],"curies":[{"name":"wp","href":"https:\/\/api.w.org\/{rel}","templated":true}]}}