{"id":551665,"date":"2022-06-29T00:01:18","date_gmt":"2022-06-29T05:01:18","guid":{"rendered":"https:\/\/www.diarioimagen.net\/?p=551665"},"modified":"2022-06-29T02:23:26","modified_gmt":"2022-06-29T07:23:26","slug":"no-no-y-no","status":"publish","type":"post","link":"https:\/\/www.diarioimagen.net\/?p=551665","title":{"rendered":"No, no y no"},"content":{"rendered":"<h2>De pe a pa<\/h2>\n<h5>Alberto Vieyra G.<\/h5>\n<p>&nbsp;<\/p>\n<p>Se amacha \u201cdon terquitas\u201d de Palacio y ante el clamor popular de cambiar con urgencia la estrategia de \u201cabrazos, no balazos\u201d contra el crimen organizado y que adem\u00e1s hay que \u201cproteger a los criminales porque tambi\u00e9n son seres humanos\u201d, AMLO responde con rotundos \u201cno, no y no\u201d porque \u201cestamos atacando las causas que generan la violencia\u201d que se gest\u00f3 durante reg\u00edmenes anteriores, particularmente el de Felipe Calder\u00f3n.<\/p>\n<p>As\u00ed, ol\u00edmpicamente le saca al bulto el Presidente de la Rep\u00fablica, quien se asume como l\u00edder moral que es comparado con Jesucristo, en lugar de asumir su papel de estadista que tiene la obligaci\u00f3n de aplicar las leyes y el Estado de Derecho con todo el poder del Estado, pero le tiembla la mano porque su idea es que no debe pasar a la historia como un Presidente represor.<\/p>\n<p>Durante los funerales de los sacerdotes jesuitas Javier Campos Morales y Joaqu\u00edn C\u00e9sar Mora Salazar, la voz del sacerdote jesuita Javier \u201cPato\u201d \u00c1vila retumb\u00f3 en el coraz\u00f3n de la Sierra Tarahumara clamando cambiar el rumbo de la infame estrategia presidencial que se ha traducido en un ba\u00f1o de sangre y en una barbarie para la naci\u00f3n azteca y sin ambages clam\u00f3:<\/p>\n<p>\u201cSon miles, miles de dolientes sin voz que claman justicia en nuestra naci\u00f3n. Los abrazos ya no nos alcanzan para cubrir los balazos\u201d. \u201cLa muerte no va a triunfar ante la vida\u201d. El sacerdote \u00c1vila se\u00f1al\u00f3 que la muerte no va a triunfar ante la vida, por lo cual se va a continuar con la misi\u00f3n a favor de la gente en la Sierra Tarahumara.<\/p>\n<p>\u00bfEntender\u00e1 el necio de Palacio ese clamor popular de cambiar la estrategia de seguridad nacional que los propios morenistas como Ricardo Monreal, el pastor de los morenos en el Senado de la Rep\u00fablica, quien exigi\u00f3 la semana pasada, cambiar la estrategia de seguridad nacional uniendo su clamor al del Episcopado Mexicano que a trav\u00e9s del secretario general Ram\u00f3n Castro reclam\u00f3 en tono en\u00e9rgico \u201cel crimen se ha extendido por todas partes, trastocando la vida cotidiana de toda la sociedad; se ha adue\u00f1ado de las calles con niveles de crueldad inhumana en ejecuciones y masacres que han hecho de nuestro pa\u00eds uno de los m\u00e1s inseguros y violentos del mundo. Los \u00edndices de violencia y estructuras de muerte se han desbordado e instalado en nuestras comunidades, desfigurando a la persona humana y destruyendo la cultura de paz, por lo que es tiempo de escuchar a la ciudadan\u00eda, a las voces de miles de familiares de las v\u00edctimas, de asesinados y desaparecidos, a los cuerpos policiacos maltratados por el crimen. Es tiempo de escuchar a los acad\u00e9micos e investigadores, a las denuncias de los medios de comunicaci\u00f3n, a todas las fuerzas pol\u00edticas, a la sociedad civil y a las asociaciones religiosas&#8230;\u201d? \u00bfQu\u00e9 responde AMLO?<\/p>\n<p>\u201cNo, no y no\u201d y como es experto en hacerse la v\u00edctima, AMLO le echa la culpa a todo mundo de su ineptitud, culpa a gobiernos anteriores al m\u00e1s puro estilo de las malas parteras que cuando las cosas salen mal, le echan la culpa a todo y a todos. AMLO no tiene para d\u00f3nde hacerse, es hora de que responda a una bomba internacional y a un clamor generalizado del pueblo de M\u00e9xico que ya est\u00e1 harto de vivir en un M\u00e9xico macabro y con gobernantes no aptos para ejercer el gran poder pol\u00edtico en M\u00e9xico.<\/p>\n<p>AMLO sab\u00eda que el animalote al que ten\u00eda que enfrentar no era cualquier cosa y si sab\u00eda que no iba a poder, pa\u00b4que le entr\u00f3 con falsas promesas de un gobierno de la Cuarta Transformaci\u00f3n, que ha resultado una aut\u00e9ntica caricatura de risa y por lo cual el legendario Porfirio Mu\u00f1oz Ledo insiste en que AMLO no quiere cambiar de estrategia de seguridad nacional por su \u201camasiato entre autoridades y crimen organizado que est\u00e1 generando r\u00edos de sangre\u201d.<\/p>\n<p><a href=\"mailto:info@agenciamn.com\" target=\"_blank\" rel=\"noopener noreferrer\"><em>info@agenciamn.com<\/em><\/a><\/p>\n","protected":false},"excerpt":{"rendered":"<p><span style=\"color: #005497;\"><strong>Alberto Vieyra G.<\/strong><\/span><\/p>\n","protected":false},"author":3,"featured_media":0,"comment_status":"open","ping_status":"open","sticky":false,"template":"","format":"standard","meta":{"_monsterinsights_skip_tracking":false,"_monsterinsights_sitenote_active":false,"_monsterinsights_sitenote_note":"","_monsterinsights_sitenote_category":0,"footnotes":""},"categories":[4596],"tags":[43697,4597,43674],"class_list":["post-551665","post","type-post","status-publish","format-standard","hentry","category-alberto-vieyra-g","tag-alberto-vieyra-g","tag-de-pe-a-pa","tag-opinion"],"_links":{"self":[{"href":"https:\/\/www.diarioimagen.net\/index.php?rest_route=\/wp\/v2\/posts\/551665","targetHints":{"allow":["GET"]}}],"collection":[{"href":"https:\/\/www.diarioimagen.net\/index.php?rest_route=\/wp\/v2\/posts"}],"about":[{"href":"https:\/\/www.diarioimagen.net\/index.php?rest_route=\/wp\/v2\/types\/post"}],"author":[{"embeddable":true,"href":"https:\/\/www.diarioimagen.net\/index.php?rest_route=\/wp\/v2\/users\/3"}],"replies":[{"embeddable":true,"href":"https:\/\/www.diarioimagen.net\/index.php?rest_route=%2Fwp%2Fv2%2Fcomments&post=551665"}],"version-history":[{"count":0,"href":"https:\/\/www.diarioimagen.net\/index.php?rest_route=\/wp\/v2\/posts\/551665\/revisions"}],"wp:attachment":[{"href":"https:\/\/www.diarioimagen.net\/index.php?rest_route=%2Fwp%2Fv2%2Fmedia&parent=551665"}],"wp:term":[{"taxonomy":"category","embeddable":true,"href":"https:\/\/www.diarioimagen.net\/index.php?rest_route=%2Fwp%2Fv2%2Fcategories&post=551665"},{"taxonomy":"post_tag","embeddable":true,"href":"https:\/\/www.diarioimagen.net\/index.php?rest_route=%2Fwp%2Fv2%2Ftags&post=551665"}],"curies":[{"name":"wp","href":"https:\/\/api.w.org\/{rel}","templated":true}]}}