{"id":551675,"date":"2022-06-29T00:03:54","date_gmt":"2022-06-29T05:03:54","guid":{"rendered":"https:\/\/www.diarioimagen.net\/?p=551675"},"modified":"2022-06-29T02:30:40","modified_gmt":"2022-06-29T07:30:40","slug":"hierve-edomex-amlo-contra-el-clero","status":"publish","type":"post","link":"https:\/\/www.diarioimagen.net\/?p=551675","title":{"rendered":"Hierve Edomex. AMLO, contra el clero"},"content":{"rendered":"<h2>Espacio Electoral<\/h2>\n<h5>Eleazar Flores<\/h5>\n<p>&nbsp;<\/p>\n<p><strong>POR AHORA, NUEVE-.<\/strong> Desde ahora y con m\u00e1s precisi\u00f3n, ent\u00e9rese que hay nueve aspirantes a la gubernatura mexiquense, cuatro de Morena, cuatro del PRI, y uno del PAN, algunos de ellos ya con propaganda abierta, sin importar infringir la ley.<\/p>\n<p>Por Morena el m\u00e1s placeado es Higinio Mart\u00ednez a cambio de la quietud de la titular de la SEP Delfina G\u00f3mez, el subsecretario Alejandro Encinas y el titular de Aduanas Javier Duarte, si acaso alguna entrevista por ah\u00ed perdida.<\/p>\n<p>Por el PRI, Ana Lilia Herrera, Ricardo Aguilar, Alejandra Del Moral -\u00bf<em>delf\u00edn<\/em> del gobernador?-, ya con espectaculares, no obstante ser funcionaria estatal, y el presidente del PRI, Eric Sevilla, cuyo cargo le permite promocionarse, eso s\u00ed,\u00a0 con foto m\u00e1s grande que el logo de su partido.<\/p>\n<p>La \u00fanica carta del PAN es el ex alcalde y actual diputado local Enrique Vargas del Villar, luciendo sombrero para parecer hombre\u2026 del campo, no de campo de golf como los de su Huixquilucan que gobern\u00f3. Su cargo de elecci\u00f3n podr\u00eda evitarle infringir la ley.<\/p>\n<p>No obstante la quietud de los que no se promocionan o la inquietud de quienes ya lo hacen, deben recordar que vendr\u00e1n las coaliciones y en Morena, petistas y verdes aceptar\u00e1n a cualquiera de los cuatro \u201cmorenos\u201d.<\/p>\n<p>En el PRI pasar\u00e1 lo mismo si se respetan acuerdos previos que tomaron la semana pasada los dirigentes estatales de PRI, PAN y PRD -sonrientes en la foto-, con el compromiso de apoyar a quien puntee las encuestas. Descartando el PRD el panista aceptar\u00eda ser acompa\u00f1ante.<\/p>\n<p><strong>AHORA CONTRA EL CLERO-.<\/strong> Ya sin rivales enfrente -o adversarios como les llama con su sonrisa a flor de piel, a medios, clase media y empresarios, el padre de la Cuarta Transformaci\u00f3n se lanz\u00f3 contra el clero mexicano por el \u201cdelito\u201d de clamar porque se pare la violencia que ha provocado que los abrazos ya no alcancen ante tantos balazos mata-vidas.<\/p>\n<p>\u201cOlvidan la violencia de antes y es que los cl\u00e9rigos est\u00e1n apergollados por la oligarqu\u00eda mexicana, nuestros adversarios con sus voceros y achichincles, confunden, manipulan, desinforman\u201d, reclam\u00f3 en su homil\u00eda ma\u00f1anera del lunes el presidente Andr\u00e9s Manuel L\u00f3pez Obrador, por la queja de cardenales, obispos, jesuitas y dem\u00e1s miembros de la comunidad cat\u00f3lica, pidiendo cambiar la estrategia de \u201cabrazos no balazos\u201d cuyos resultados sangrientos est\u00e1n a la vista.<\/p>\n<p>Desconoce el mandatario las denuncias del cardenal Francisco Robles Ortega y del obispo\u00a0 zacatecano Sigfrido, retenidos en el ejercicio de su ministerio y el \u201cmoche\u201d que la delincuencia organizada exige a organizadores de\u00a0 fiestas patronales.<\/p>\n<p>Pero vamos bien, y prep\u00e1rese para el en\u00e9simo informe presidencial triunfalista del fin de semana.<\/p>\n<p>Por prescripci\u00f3n m\u00e9dica, nos leemos en ocho d\u00edas.<\/p>\n<p><em><a href=\"mailto:elefa44@gmail.com\" target=\"_blank\" rel=\"noopener noreferrer\">elefa44@gmail.com<\/a><\/em><\/p>\n","protected":false},"excerpt":{"rendered":"<p><span style=\"color: #005497;\"><strong>Eleazar Flores<\/strong><\/span><\/p>\n","protected":false},"author":3,"featured_media":0,"comment_status":"open","ping_status":"open","sticky":false,"template":"","format":"standard","meta":{"_monsterinsights_skip_tracking":false,"_monsterinsights_sitenote_active":false,"_monsterinsights_sitenote_note":"","_monsterinsights_sitenote_category":0,"footnotes":""},"categories":[81743],"tags":[81744,81776,43674],"class_list":["post-551675","post","type-post","status-publish","format-standard","hentry","category-eleazar-flores","tag-eleazar-flores","tag-espacio-electoral","tag-opinion"],"_links":{"self":[{"href":"https:\/\/www.diarioimagen.net\/index.php?rest_route=\/wp\/v2\/posts\/551675","targetHints":{"allow":["GET"]}}],"collection":[{"href":"https:\/\/www.diarioimagen.net\/index.php?rest_route=\/wp\/v2\/posts"}],"about":[{"href":"https:\/\/www.diarioimagen.net\/index.php?rest_route=\/wp\/v2\/types\/post"}],"author":[{"embeddable":true,"href":"https:\/\/www.diarioimagen.net\/index.php?rest_route=\/wp\/v2\/users\/3"}],"replies":[{"embeddable":true,"href":"https:\/\/www.diarioimagen.net\/index.php?rest_route=%2Fwp%2Fv2%2Fcomments&post=551675"}],"version-history":[{"count":0,"href":"https:\/\/www.diarioimagen.net\/index.php?rest_route=\/wp\/v2\/posts\/551675\/revisions"}],"wp:attachment":[{"href":"https:\/\/www.diarioimagen.net\/index.php?rest_route=%2Fwp%2Fv2%2Fmedia&parent=551675"}],"wp:term":[{"taxonomy":"category","embeddable":true,"href":"https:\/\/www.diarioimagen.net\/index.php?rest_route=%2Fwp%2Fv2%2Fcategories&post=551675"},{"taxonomy":"post_tag","embeddable":true,"href":"https:\/\/www.diarioimagen.net\/index.php?rest_route=%2Fwp%2Fv2%2Ftags&post=551675"}],"curies":[{"name":"wp","href":"https:\/\/api.w.org\/{rel}","templated":true}]}}