{"id":551688,"date":"2022-06-29T00:09:55","date_gmt":"2022-06-29T05:09:55","guid":{"rendered":"https:\/\/www.diarioimagen.net\/?p=551688"},"modified":"2022-06-29T02:42:31","modified_gmt":"2022-06-29T07:42:31","slug":"esto-hay-detras-de-la-linea-1-del-metro","status":"publish","type":"post","link":"https:\/\/www.diarioimagen.net\/?p=551688","title":{"rendered":"Esto hay detr\u00e1s de la L\u00ednea 1 del Metro"},"content":{"rendered":"<h2>Poder y dinero<\/h2>\n<h5>V\u00edctor S\u00e1nchez Ba\u00f1os<\/h5>\n<p>&nbsp;<\/p>\n<ul>\n<li><strong><em>Sheinbaum toma decisi\u00f3n apol\u00edtica<\/em><\/strong><\/li>\n<li><strong><em>Seguridad de 800 mil pasajeros, en riesgo<\/em><\/strong><\/li>\n<li><strong><em>De Salto del Agua a Pantitl\u00e1n, cirug\u00eda mayor<\/em><\/strong><\/li>\n<li><strong><em>Son los tiempos electorales<\/em><\/strong><\/li>\n<li><strong><em>Una magna obra de relumbr\u00f3n<\/em><\/strong><\/li>\n<li><strong><em>Claudia lo usar\u00eda como carta electoral<\/em><\/strong><\/li>\n<li><strong><em>Masacre en San Antonio: EU y M\u00e9xico, responsables<\/em><\/strong><\/li>\n<li><strong><em>Mara Lezama con la CIRT<\/em><\/strong><\/li>\n<li><strong><em>Viva Aerobus y Los Angeles Aiports<\/em><\/strong><\/li>\n<\/ul>\n<p>&nbsp;<\/p>\n<p style=\"text-align: right;\"><em>Nadie que conf\u00eda en s\u00ed, envidia la virtud del otro<br \/>\n<\/em><strong>Cicer\u00f3n<\/strong> (106 AC-43 AC), escritor, orador y pol\u00edtico romano.<\/p>\n<p>&nbsp;<\/p>\n<p>En tiempos electorales, la jefa de Gobierno, Claudia Sheinbaum, tom\u00f3 la decisi\u00f3n de hacer una cirug\u00eda mayor a la L\u00ednea 1 del Metro que va de Salto del Agua, en el coraz\u00f3n del centro de la ciudad, a Pantitl\u00e1n, donde transitan 800 mil personas al d\u00eda.<\/p>\n<p>Esa l\u00ednea fue inaugurada en 1968, s\u00f3lo que no iba de Observatorio a Pantitl\u00e1n, como ahora ocurre, sino \u00fanicamente de Chapultepec a Zaragoza. En 1984 se le sum\u00f3 Pantitl\u00e1n, donde hay conexiones a las l\u00edneas A, 5 y 9.<\/p>\n<p>Las molestias ser\u00e1n may\u00fasculas y ello tendr\u00e1 repercusiones contra Claudia, quien busca la candidatura de Morena a la Presidencia de la Rep\u00fablica. Pegar\u00e1 en votos y aceptaci\u00f3n a Morena, en una entidad, la Ciudad de M\u00e9xico, que no acepta la incompetencia, frivolidad y manejo ideol\u00f3gico, en la pol\u00edtica administrativa.<\/p>\n<p>El trago amargo es mejor tomarlo ahora, que ya entrada la campa\u00f1a de Morena para elegir a su candidato, que ser\u00eda a finales del a\u00f1o que entra. Tendr\u00edan una obra de relumbr\u00f3n, como es una sala de exposici\u00f3n de varias estaciones del Metro, en especial, las m\u00e1s transitadas.<\/p>\n<p>Durante un a\u00f1o, quiz\u00e1 un poco m\u00e1s, durar\u00e1 el trabajo de mantenimiento y le har\u00e1n un maquillaje superior, ya que aprovechar\u00e1n para poner lugares de exposici\u00f3n de la propaganda de Morena. Esto deber\u00eda ser regulado por la C\u00e1mara de Diputados local, pero est\u00e1 como un proyecto debajo de la mesa.<\/p>\n<p>Al final de ese a\u00f1o de mantenimiento, la gente ver\u00e1 la obra terminada y limpia, a diferencia del resto de las estaciones del Sistema de Transporte y le dar\u00e1 un impulso a su imagen como gobernante de la capital de la Rep\u00fablica.<\/p>\n<p>Al mismo tiempo, se le pega a otro p\u00e1jaro con la misma pedrada. Las v\u00edas y los t\u00faneles no han recibido desde 1968, o sea desde 44 a\u00f1os no le han hecho nada a esa ruta. Los pisos de m\u00e1rmol tienen el paso de la huella de billones de pisadas y, por si fuera poco, la falta de mantenimiento de los gobiernos del PRI, PRD y ahora Morena, que no se hab\u00edan interesado en darle mayor seguridad a los cientos de miles de personas que usan ese servicio a diario.<\/p>\n<p>La mayor\u00eda de quienes usan el Metro, son pobres y ese es el target, el objetivo pues, de los pol\u00edticos. Claudia se dio cuenta de ello y aprovecha los tiempos pol\u00edticos para la creaci\u00f3n de una estructura electoral que, seguramente, si es bien usada, le dar\u00e1 excelentes rendimientos.<\/p>\n<p style=\"text-align: center;\"><strong>PODEROSOS CABALLEROS<\/strong><\/p>\n<p><strong>TRAGEDIA EN SAN ANTONIO, \u00bfNADIE SAB\u00cdA?: <\/strong>Se hacen de la vista gorda tanto en Estados Unidos, como en M\u00e9xico. Tr\u00e1ileres repletos de personas circulan en Estados Unidos. Pasan las fronteras m\u00e1s cuidadas del planeta y \u201cnadie se da cuenta de lo que ocurre\u201d. Mafias internacionales de traficantes de personas llevan a la Uni\u00f3n Americana a miles de personas que lo \u00fanico que buscan es un mejor mundo para sus familias y huir de sus pa\u00edses sumidos en la miseria y corrupci\u00f3n, incluidos M\u00e9xico. No es el primer caso de tragedias en transportes. Y, parece, no ser\u00e1 el \u00faltimo, mientras sigan tolerando en ambas partes de la frontera el tr\u00e1fico inhumano de personas.<\/p>\n<p><strong>MARA LEZAMA, <\/strong><strong>EN REUNI\u00d3N CON LA CIRT: <\/strong>Quien estuvo en su ambiente natural y se desenvolvi\u00f3 con suma destreza como anfitriona de los asistentes a la Convenci\u00f3n Anual de la C\u00e1mara Nacional de la Industria de la Radio y Televisi\u00f3n en Canc\u00fan fue la gobernadora electa de Quintana Roo, Mara Lezama, quien, durante m\u00e1s de 2 d\u00e9cadas condujo un programa de radio de ayuda a la comunidad. A dos semanas de su triunfo, ante empresarios radiodifusores de todo el pa\u00eds, se declar\u00f3 aliada de la libertad de expresi\u00f3n como una herramienta de la democracia y mencion\u00f3 que las nuevas tecnolog\u00edas ser\u00e1n determinantes para las siguientes d\u00e9cadas en los medios.<\/p>\n<p><strong>CAMBIOS EN TV AZTECA: <\/strong>Jorge Luis Z\u00fa\u00f1iga Montiel fue nombrado director General de Finanzas de TV Azteca, en sustituci\u00f3n de Esteban Gal\u00edndez Aguirre, quien ser\u00e1 director Adjunto de Finanzas de Grupo Salinas. Z\u00fa\u00f1iga tiene m\u00e1s de dos d\u00e9cadas de experiencia probada en administraci\u00f3n de costos en TV Azteca, en donde ha desarrollado estrategias de control presupuestal. En su nueva posici\u00f3n, impulsar\u00e1 el desarrollo de esquemas que fortalezcan la oferta de contenidos competitivos en cada una de las plataformas de la compa\u00f1\u00eda y que maximicen la rentabilidad de la programaci\u00f3n, con el fin de ganar audiencias crecientes y al mismo tiempo fortalecer los resultados de TV Azteca.<\/p>\n<p style=\"text-align: center;\"><strong>RESPONSABILIDAD SOCIAL <\/strong><strong>CORPORATIVA<\/strong><\/p>\n<p><strong>\u00a0VIVA AEROBUS: <\/strong>Viva Aerobus, bajo el liderazgo de Juan Carlos Zuazua, realiz\u00f3 su primer vuelo con combustible sostenible en la ruta Los \u00c1ngeles-Guadalajara con 186 pasajeros a bordo. Se trata de un combustible suministrado por la empresa finlandesa Neste, producido a base de residuos renovables y materias primas residuales. Es el primero de m\u00e1s vuelos \u201cverdes\u201d, ya que Viva Aerobus desarrolla un acuerdo comercial de largo plazo con Neste para la compra de un mill\u00f3n de litros de este energ\u00e9tico. El director de Los Angeles World Airports, Justin Erbacci, ofrece en sus servicios de posteo este tipo de combustible sustentable.<\/p>\n<p><em><a href=\"mailto:vsb@poderydinero.mx\" target=\"_blank\" rel=\"noopener noreferrer\">vsb@poderydinero.mx<\/a><\/em><br \/>\n<em><a href=\"https:\/\/twitter.com\/vsanchezbanos\" target=\"_blank\" rel=\"noopener noreferrer\">@vsanchezbanos<br \/>\n<\/a><\/em><em><a href=\"http:\/\/poderydinero.mx\/\" target=\"_blank\" rel=\"noopener\">poderydinero.mx<\/a><\/em><\/p>\n","protected":false},"excerpt":{"rendered":"<p><span style=\"color: #005497;\"><strong>V\u00edctor S\u00e1nchez Ba\u00f1os<\/strong><\/span><\/p>\n","protected":false},"author":3,"featured_media":0,"comment_status":"open","ping_status":"open","sticky":false,"template":"","format":"standard","meta":{"_monsterinsights_skip_tracking":false,"_monsterinsights_sitenote_active":false,"_monsterinsights_sitenote_note":"","_monsterinsights_sitenote_category":0,"footnotes":""},"categories":[38844],"tags":[43674,38847,38848],"class_list":["post-551688","post","type-post","status-publish","format-standard","hentry","category-victor-sanchez-banos","tag-opinion","tag-poder-y-dinero","tag-victor-sanchez-banos"],"_links":{"self":[{"href":"https:\/\/www.diarioimagen.net\/index.php?rest_route=\/wp\/v2\/posts\/551688","targetHints":{"allow":["GET"]}}],"collection":[{"href":"https:\/\/www.diarioimagen.net\/index.php?rest_route=\/wp\/v2\/posts"}],"about":[{"href":"https:\/\/www.diarioimagen.net\/index.php?rest_route=\/wp\/v2\/types\/post"}],"author":[{"embeddable":true,"href":"https:\/\/www.diarioimagen.net\/index.php?rest_route=\/wp\/v2\/users\/3"}],"replies":[{"embeddable":true,"href":"https:\/\/www.diarioimagen.net\/index.php?rest_route=%2Fwp%2Fv2%2Fcomments&post=551688"}],"version-history":[{"count":0,"href":"https:\/\/www.diarioimagen.net\/index.php?rest_route=\/wp\/v2\/posts\/551688\/revisions"}],"wp:attachment":[{"href":"https:\/\/www.diarioimagen.net\/index.php?rest_route=%2Fwp%2Fv2%2Fmedia&parent=551688"}],"wp:term":[{"taxonomy":"category","embeddable":true,"href":"https:\/\/www.diarioimagen.net\/index.php?rest_route=%2Fwp%2Fv2%2Fcategories&post=551688"},{"taxonomy":"post_tag","embeddable":true,"href":"https:\/\/www.diarioimagen.net\/index.php?rest_route=%2Fwp%2Fv2%2Ftags&post=551688"}],"curies":[{"name":"wp","href":"https:\/\/api.w.org\/{rel}","templated":true}]}}