{"id":551768,"date":"2022-06-30T00:05:05","date_gmt":"2022-06-30T05:05:05","guid":{"rendered":"https:\/\/www.diarioimagen.net\/?p=551768"},"modified":"2022-06-30T22:15:39","modified_gmt":"2022-07-01T03:15:39","slug":"desarrollo-de-competencias-digitales-principal-reto-educativo-tras-confinamiento","status":"publish","type":"post","link":"https:\/\/www.diarioimagen.net\/?p=551768","title":{"rendered":"Desarrollo de competencias digitales, principal reto educativo tras confinamiento"},"content":{"rendered":"<p><em>\u00a0<\/em><\/p>\n<ul>\n<li><strong><em>El uso de herramientas tecnol\u00f3gicas de comunicaci\u00f3n fue unos de los grandes avances de la educaci\u00f3n a distancia coincidieron investigadores del Centro de Investigaciones Multidisciplinarias en Educaci\u00f3n<\/em><\/strong><\/li>\n<\/ul>\n<p><strong>\u00a0<\/strong><\/p>\n<div id=\"attachment_551859\" style=\"width: 470px\" class=\"wp-caption aligncenter\"><img loading=\"lazy\" decoding=\"async\" aria-describedby=\"caption-attachment-551859\" class=\"size-full wp-image-551859\" src=\"https:\/\/www.diarioimagen.net\/wp-content\/uploads\/2022\/06\/edomex.jpg\" alt=\"\" width=\"460\" height=\"307\" \/><p id=\"caption-attachment-551859\" class=\"wp-caption-text\">Los expertos afirman que la funci\u00f3n del docente no puede ser remplazada por las pantalla.<\/p><\/div>\n<p>&nbsp;<\/p>\n<p><strong>Toluca, Estado de M\u00e9xico.\u2014 <\/strong>El confinamiento por m\u00e1s de dieciocho meses sac\u00f3 a la luz diversos retos que enfrenta el sistema educativo, sobre todo en las competencias digitales, se\u00f1alaron Ivett Vilchis Torres y Francisco Jos\u00e9 Arg\u00fcello Zepeda, del Centro de Investigaciones Multidisciplinarias en Educaci\u00f3n (CIME).<\/p>\n<p>Ante el creciente avance tecnol\u00f3gico, consideraron que en el siglo XXI es importante fortalecer la formaci\u00f3n acad\u00e9mica con estrategias para generar y buscar informaci\u00f3n en la red, as\u00ed como con una actualizaci\u00f3n del contenido curricular que impulse el uso de recursos digitales.<\/p>\n<p>Los expertos afirman que la funci\u00f3n del docente no puede ser remplazada por las pantallas, pero es necesario tener una visi\u00f3n de futuro que contemple un pensamiento m\u00e1s sustentable y colaborativo a trav\u00e9s de las plataformas virtuales, pues la educaci\u00f3n a distancia mostr\u00f3 el potencial de estas \u00faltimas y propici\u00f3 una nueva forma de generar y compartir conocimiento.<\/p>\n<p>Como parte del art\u00edculo \u201cEl gran desaf\u00edo educativo pospandemia\u201d, publicado en el \u00faltimo n\u00famero de la Revista Universitaria, consideraron que es urgente fomentar la resiliencia social global, resultado de la \u201cexperiencia viral que puso al mundo entero en jaque\u201d. De ah\u00ed que ser\u00e1 vital emprender los cambios necesarios para que la educaci\u00f3n cumpla con los est\u00e1ndares de calidad en lo acad\u00e9mico, lo personal y lo social.<\/p>\n<p>El texto completo puede consultarse en el siguiente enlace:\u00a0 https:\/\/revistauniversitaria.uaemex.mx\/article\/view\/18425\/13692, tambi\u00e9n se puede acceder a todos los contenidos de esta edici\u00f3n en https:\/\/hemeroteca.uaemex.mx\/index.php\/universitaria.<\/p>\n","protected":false},"excerpt":{"rendered":"<p>El confinamiento por m\u00e1s de dieciocho meses sac\u00f3 a la luz diversos retos que enfrenta el sistema educativo, sobre todo en las competencias digitales, se\u00f1alaron Ivett Vilchis Torres y Francisco Jos\u00e9 Arg\u00fcello Zepeda, del Centro de Investigaciones Multidisciplinarias en Educaci\u00f3n (CIME).<\/p>\n","protected":false},"author":3,"featured_media":551860,"comment_status":"open","ping_status":"open","sticky":false,"template":"","format":"standard","meta":{"_monsterinsights_skip_tracking":false,"_monsterinsights_sitenote_active":false,"_monsterinsights_sitenote_note":"","_monsterinsights_sitenote_category":0,"footnotes":""},"categories":[5],"tags":[94622,90823,90786,77700],"class_list":["post-551768","post","type-post","status-publish","format-standard","has-post-thumbnail","hentry","category-estado-de-mexico","tag-cime","tag-confinamiento","tag-digital","tag-educativo"],"_links":{"self":[{"href":"https:\/\/www.diarioimagen.net\/index.php?rest_route=\/wp\/v2\/posts\/551768","targetHints":{"allow":["GET"]}}],"collection":[{"href":"https:\/\/www.diarioimagen.net\/index.php?rest_route=\/wp\/v2\/posts"}],"about":[{"href":"https:\/\/www.diarioimagen.net\/index.php?rest_route=\/wp\/v2\/types\/post"}],"author":[{"embeddable":true,"href":"https:\/\/www.diarioimagen.net\/index.php?rest_route=\/wp\/v2\/users\/3"}],"replies":[{"embeddable":true,"href":"https:\/\/www.diarioimagen.net\/index.php?rest_route=%2Fwp%2Fv2%2Fcomments&post=551768"}],"version-history":[{"count":0,"href":"https:\/\/www.diarioimagen.net\/index.php?rest_route=\/wp\/v2\/posts\/551768\/revisions"}],"wp:featuredmedia":[{"embeddable":true,"href":"https:\/\/www.diarioimagen.net\/index.php?rest_route=\/wp\/v2\/media\/551860"}],"wp:attachment":[{"href":"https:\/\/www.diarioimagen.net\/index.php?rest_route=%2Fwp%2Fv2%2Fmedia&parent=551768"}],"wp:term":[{"taxonomy":"category","embeddable":true,"href":"https:\/\/www.diarioimagen.net\/index.php?rest_route=%2Fwp%2Fv2%2Fcategories&post=551768"},{"taxonomy":"post_tag","embeddable":true,"href":"https:\/\/www.diarioimagen.net\/index.php?rest_route=%2Fwp%2Fv2%2Ftags&post=551768"}],"curies":[{"name":"wp","href":"https:\/\/api.w.org\/{rel}","templated":true}]}}