{"id":551779,"date":"2022-06-30T00:01:42","date_gmt":"2022-06-30T05:01:42","guid":{"rendered":"https:\/\/www.diarioimagen.net\/?p=551779"},"modified":"2022-06-30T03:16:59","modified_gmt":"2022-06-30T08:16:59","slug":"repunta-desempleo-en-mayo-casi-2-millones-de-mexicanos-sin-trabajo","status":"publish","type":"post","link":"https:\/\/www.diarioimagen.net\/?p=551779","title":{"rendered":"Repunta desempleo en mayo; casi 2 millones de mexicanos sin trabajo"},"content":{"rendered":"<p>&nbsp;<\/p>\n<h3 style=\"text-align: center;\">De acuerdo a resultados de encuesta del Inegi<\/h3>\n<p>&nbsp;<\/p>\n<ul>\n<li><strong><em>Hubo una reducci\u00f3n de casi 600,000 puestos de trabajo el mes pasado<\/em><\/strong><\/li>\n<\/ul>\n<p>&nbsp;<\/p>\n<div id=\"attachment_551882\" style=\"width: 470px\" class=\"wp-caption aligncenter\"><img loading=\"lazy\" decoding=\"async\" aria-describedby=\"caption-attachment-551882\" class=\"size-full wp-image-551882\" src=\"https:\/\/www.diarioimagen.net\/wp-content\/uploads\/2022\/06\/REPUNTA-DESEMPLEO.jpg\" alt=\"\" width=\"460\" height=\"270\" \/><p id=\"caption-attachment-551882\" class=\"wp-caption-text\">La informalidad, el lastre econ\u00f3mico de M\u00e9xico, mostr\u00f3 un avance importante en mayo, seg\u00fan encuesta de Inegi.<\/p><\/div>\n<p>&nbsp;<\/p>\n<p>Se acab\u00f3 el breve respiro para el trabajo en M\u00e9xico. Tras dos meses con bajas, la tasa de desempleo en el pa\u00eds se ubic\u00f3 en 3,35% de la poblaci\u00f3n econ\u00f3micamente activa, con un total de 1,9 millones de mexicanos sin un trabajo formal, de acuerdo con los \u00faltimos resultados de la Encuesta Nacional de Ocupaci\u00f3n y Empleo elaborada por el Instituto Nacional de Estad\u00edstica y Geograf\u00eda (Inegi).<\/p>\n<p>Aunque se observa una recuperaci\u00f3n respecto a los meses m\u00e1s \u00e1lgidos de la pandemia, el mercado laboral ha comenzado a desacelerarse en mayo. En abril, el Inegi report\u00f3 57,7 millones de personas ocupadas, la cifra disminuy\u00f3 a 57,1 millones en mayo, una reducci\u00f3n de casi 600,000 puestos de trabajo.<\/p>\n<p>La informalidad, el lastre econ\u00f3mico de M\u00e9xico, mostr\u00f3 un avance importante en el \u00faltimo mes. Al finalizar mayo, la tasa de informalidad laboral fue de 55,6% de la fuerza laboral, con 31,8 millones de personas en este rubro. El avance entre ambos meses fue de 0,4%, el aumento m\u00e1s relevante de la informalidad en lo que va del a\u00f1o.<\/p>\n<p>La poblaci\u00f3n subocupada, es decir, quienes declararon tener necesidad y disponibilidad para trabajar, se ubic\u00f3 en 8,37%, una disminuci\u00f3n de 0,4% respecto al mes pasado, pero que representa 4,8 millones de personas en el limbo del empleo. Las mujeres siguen siendo el grupo m\u00e1s vulnerable, con una tasa de desocupaci\u00f3n de 3,5% en contraste con el 3,3% de los hombres al finalizar mayo de 2022.<\/p>\n","protected":false},"excerpt":{"rendered":"<p>Se acab\u00f3 el breve respiro para el trabajo en M\u00e9xico. Tras dos meses con bajas, la tasa de desempleo en el pa\u00eds se ubic\u00f3 en 3,35% de la poblaci\u00f3n econ\u00f3micamente activa, con un total de 1,9 millones de mexicanos sin un trabajo formal, de acuerdo con los \u00faltimos resultados de la Encuesta Nacional de Ocupaci\u00f3n y Empleo elaborada por el Instituto Nacional de Estad\u00edstica y Geograf\u00eda (Inegi).<\/p>\n","protected":false},"author":3,"featured_media":551882,"comment_status":"open","ping_status":"open","sticky":false,"template":"","format":"standard","meta":{"_monsterinsights_skip_tracking":false,"_monsterinsights_sitenote_active":false,"_monsterinsights_sitenote_note":"","_monsterinsights_sitenote_category":0,"footnotes":""},"categories":[8],"tags":[482,43678,193,95861],"class_list":["post-551779","post","type-post","status-publish","format-standard","has-post-thumbnail","hentry","category-finanzas","tag-desempleo","tag-finanzas","tag-inegi","tag-ttrabajo"],"_links":{"self":[{"href":"https:\/\/www.diarioimagen.net\/index.php?rest_route=\/wp\/v2\/posts\/551779","targetHints":{"allow":["GET"]}}],"collection":[{"href":"https:\/\/www.diarioimagen.net\/index.php?rest_route=\/wp\/v2\/posts"}],"about":[{"href":"https:\/\/www.diarioimagen.net\/index.php?rest_route=\/wp\/v2\/types\/post"}],"author":[{"embeddable":true,"href":"https:\/\/www.diarioimagen.net\/index.php?rest_route=\/wp\/v2\/users\/3"}],"replies":[{"embeddable":true,"href":"https:\/\/www.diarioimagen.net\/index.php?rest_route=%2Fwp%2Fv2%2Fcomments&post=551779"}],"version-history":[{"count":0,"href":"https:\/\/www.diarioimagen.net\/index.php?rest_route=\/wp\/v2\/posts\/551779\/revisions"}],"wp:featuredmedia":[{"embeddable":true,"href":"https:\/\/www.diarioimagen.net\/index.php?rest_route=\/wp\/v2\/media\/551882"}],"wp:attachment":[{"href":"https:\/\/www.diarioimagen.net\/index.php?rest_route=%2Fwp%2Fv2%2Fmedia&parent=551779"}],"wp:term":[{"taxonomy":"category","embeddable":true,"href":"https:\/\/www.diarioimagen.net\/index.php?rest_route=%2Fwp%2Fv2%2Fcategories&post=551779"},{"taxonomy":"post_tag","embeddable":true,"href":"https:\/\/www.diarioimagen.net\/index.php?rest_route=%2Fwp%2Fv2%2Ftags&post=551779"}],"curies":[{"name":"wp","href":"https:\/\/api.w.org\/{rel}","templated":true}]}}