{"id":551819,"date":"2022-06-30T00:04:06","date_gmt":"2022-06-30T05:04:06","guid":{"rendered":"https:\/\/www.diarioimagen.net\/?p=551819"},"modified":"2022-06-30T02:20:59","modified_gmt":"2022-06-30T07:20:59","slug":"amlo-biden-la-necesaria-integracion","status":"publish","type":"post","link":"https:\/\/www.diarioimagen.net\/?p=551819","title":{"rendered":"AMLO-Biden, la necesaria integraci\u00f3n"},"content":{"rendered":"<h2>Desde el portal<\/h2>\n<h5>\u00c1ngel Soriano<\/h5>\n<p>&nbsp;<\/p>\n<p>El presidente Andr\u00e9s Manuel L\u00f3pez Obrador anunci\u00f3 que se reunir\u00e1 este 12 de julio con el presidente Joe Biden en la Casa Blanca, para lo cual viajar\u00e1 un d\u00eda antes a Washington en un encuentro en el que la participaci\u00f3n empresarial a\u00fan no est\u00e1 considerada, cuando en reuniones de este tipo la presencia de los magnates de ambos pa\u00edses es fundamental.<\/p>\n<p>Adelant\u00f3 que har\u00e1 propuestas en el sentido de impulsar la inversi\u00f3n en Centroam\u00e9rica para desarrollar fuentes de trabajo y generar ingresos en las familias y abrirles oportunidades en la Uni\u00f3n Americana y en Canad\u00e1, donde no hay mano de obra, pero no se permite el ingreso de los ciudadanos que van en busca de ocupaci\u00f3n a esos pa\u00edses.<\/p>\n<p>La necesidad de ordenar la migraci\u00f3n, mediante la ampliaci\u00f3n de visas temporales y reconoci\u00e9ndoles sus derechos a los que ya se encuentran en territorio estadounidense, es fundamental para evitar riesgos a los que son sometidos miles de familias de indocumentados que cruzan nuestro pa\u00eds desde Centroam\u00e9rica o salen de comunidades mexicanas.<\/p>\n<p>La tragedia en San Antonio, Texas, con la muerte de m\u00e1s de medio centenar de personas, entre hombres, mujeres y ni\u00f1os, llama a la reflexi\u00f3n y a la necesidad de asumir programas conjuntos entre los tres pa\u00edses para integrarse regionalmente, aprovechar sus vastos recursos y hacer frente a problemas comunes como el desempleo, la migraci\u00f3n y la inflaci\u00f3n, dijo.<\/p>\n<p style=\"text-align: center;\"><strong>Turbulencias<br \/>\nPr\u00e1cticas de tortura en la Sedena<\/strong><\/p>\n<p>La Comisi\u00f3n Nacional de los Derechos Humanos (CNDH) investiga la tr\u00e1gica muerte de un militar en el desierto de Mexicali cuando realizaba pr\u00e1cticas en un b\u00fanker el pasado 20 de noviembre, donde, junto con otros tres de sus compa\u00f1eros, fueron sometidos a pr\u00e1cticas inhumanas. Tres salieron con vida y uno pereci\u00f3. Esas pr\u00e1cticas no s\u00f3lo se realizan en la Sedena, sino en la Marina y en la Guardia Nacional, como se ha evidenciado en videos que han circulado en redes sociales en diversas oportunidades. Ojal\u00e1 y la CNDH ahora s\u00ed asuma sus funciones y termine con esos abusos en el medio civil y militar\u2026 Mientras, el presidente L\u00f3pez Obrador descarta -y lo har\u00e1 de nuevo en Dos Bocas, Tabasco-, el uso de la violencia para apaciguar al pa\u00eds, el l\u00edder nacional del PRI, \u201cAlito\u201d Moreno, propone reformas a la Ley de uso de armas en M\u00e9xico para que las familias mexicanas puedan defenderse de la delincuencia organizada, toda vez que, ha se\u00f1alado, el pa\u00eds ya est\u00e1 en sus manos. Como bandera pol\u00edtica -igual que los republicanos y algunos dem\u00f3cratas en la Uni\u00f3n Americana-, en momentos electorales, podr\u00eda aceptarse, pero es obvio que resulta absurda tal propuesta cuando las familias apenas y logran ingresos para sobrevivir, menos podr\u00e1n adquirir parque y armas. \u201cAlito\u201d Moreno recurre a propuestas descabelladas que nada tienen que ver con la realidad\u2026 Por lo consiguiente, el senador hidalguense Miguel \u00c1ngel Osorio Chong insiste en que abandone el liderazgo del tricolor\u2026 Avanza fuerte en la b\u00fasqueda de la candidatura del PRI a la gubernatura del Estado de M\u00e9xico, la priista Alejandra Del Moral y todo parece ser que ser\u00e1 entre mujeres la lucha por la sucesi\u00f3n de Alfredo Del Mazo; est\u00e1 la diputada federal Ana Lilia Herrera Anzaldo y la ex alcaldesa de Texcoco, Delfina G\u00f3mez, que aun cuando no haga precampa\u00f1a, se sabe que es la elegida. La titular de la SEP tiene ya mucho camino andado y ser\u00eda una salida airosa de un cargo que requiere de mucho talento y conocimiento\u2026 Con el Jes\u00fas en la boca tiene el alcalde Francisco Mart\u00ednez Neri a los habitantes de la ciudad de Oaxaca, al adelantar que pedir\u00e1 una carpeta de investigaci\u00f3n contra el ex edil Oswaldo Garc\u00eda Jarqu\u00edn por desv\u00edo de 400 mdp. Ambos son morenistas.<\/p>\n<p><u><a href=\"mailto:asorianocarrasco@yahoo.com\" target=\"_blank\" rel=\"noopener noreferrer\"><em>asorianocarrasco@yahoo.com<\/em><\/a><br \/>\n<em><a href=\"https:\/\/revistabrecha.com\" target=\"_blank\" rel=\"noopener noreferrer\">www.revistabrecha.com<\/a><br \/>\n<\/em><\/u><em>facebook oficial <a href=\"https:\/\/es-la.facebook.com\/RevistaBrecha.Oficial\" target=\"_blank\" rel=\"noopener\">@BrechaRevista<\/a><\/em><\/p>\n","protected":false},"excerpt":{"rendered":"<p><span style=\"color: #005497;\"><strong>\u00c1ngel Soriano<\/strong><\/span><\/p>\n","protected":false},"author":3,"featured_media":0,"comment_status":"open","ping_status":"open","sticky":false,"template":"","format":"standard","meta":{"_monsterinsights_skip_tracking":false,"_monsterinsights_sitenote_active":false,"_monsterinsights_sitenote_note":"","_monsterinsights_sitenote_category":0,"footnotes":""},"categories":[135],"tags":[85,86,43674],"class_list":["post-551819","post","type-post","status-publish","format-standard","hentry","category-angel-soriano-opinion","tag-angel-soriano","tag-desde-el-portal","tag-opinion"],"_links":{"self":[{"href":"https:\/\/www.diarioimagen.net\/index.php?rest_route=\/wp\/v2\/posts\/551819","targetHints":{"allow":["GET"]}}],"collection":[{"href":"https:\/\/www.diarioimagen.net\/index.php?rest_route=\/wp\/v2\/posts"}],"about":[{"href":"https:\/\/www.diarioimagen.net\/index.php?rest_route=\/wp\/v2\/types\/post"}],"author":[{"embeddable":true,"href":"https:\/\/www.diarioimagen.net\/index.php?rest_route=\/wp\/v2\/users\/3"}],"replies":[{"embeddable":true,"href":"https:\/\/www.diarioimagen.net\/index.php?rest_route=%2Fwp%2Fv2%2Fcomments&post=551819"}],"version-history":[{"count":0,"href":"https:\/\/www.diarioimagen.net\/index.php?rest_route=\/wp\/v2\/posts\/551819\/revisions"}],"wp:attachment":[{"href":"https:\/\/www.diarioimagen.net\/index.php?rest_route=%2Fwp%2Fv2%2Fmedia&parent=551819"}],"wp:term":[{"taxonomy":"category","embeddable":true,"href":"https:\/\/www.diarioimagen.net\/index.php?rest_route=%2Fwp%2Fv2%2Fcategories&post=551819"},{"taxonomy":"post_tag","embeddable":true,"href":"https:\/\/www.diarioimagen.net\/index.php?rest_route=%2Fwp%2Fv2%2Ftags&post=551819"}],"curies":[{"name":"wp","href":"https:\/\/api.w.org\/{rel}","templated":true}]}}