{"id":551956,"date":"2022-07-01T00:01:02","date_gmt":"2022-07-01T05:01:02","guid":{"rendered":"https:\/\/www.diarioimagen.net\/?p=551956"},"modified":"2022-07-01T04:38:28","modified_gmt":"2022-07-01T09:38:28","slug":"hay-que-saber-escuchar-a-los-jovenes-de-este-pais-diputados-ricardo-aguilar-y-david-parra","status":"publish","type":"post","link":"https:\/\/www.diarioimagen.net\/?p=551956","title":{"rendered":"Hay que saber escuchar a los j\u00f3venes de este pa\u00eds: diputados Ricardo Aguilar y David Parra"},"content":{"rendered":"<p>&nbsp;<\/p>\n<ul>\n<li><strong><em>Les piden en Naucalpan m\u00e1s apoyos<\/em><\/strong><\/li>\n<\/ul>\n<p>&nbsp;<\/p>\n<h6>Arturo Baena<\/h6>\n<p>&nbsp;<\/p>\n<div id=\"attachment_552066\" style=\"width: 470px\" class=\"wp-caption aligncenter\"><img loading=\"lazy\" decoding=\"async\" aria-describedby=\"caption-attachment-552066\" class=\"size-full wp-image-552066\" src=\"https:\/\/www.diarioimagen.net\/wp-content\/uploads\/2022\/07\/BAENA1.jpg\" alt=\"\" width=\"460\" height=\"270\" \/><p id=\"caption-attachment-552066\" class=\"wp-caption-text\">Los legisladores Ricardo Aguilar y David Parra se reunieron con empresarios y j\u00f3venes naucalpenses, durante un recorrido por Naucalpan.<\/p><\/div>\n<p>&nbsp;<\/p>\n<p><strong>Naucalpan, Estado de M\u00e9xico.\u2014<\/strong> El gobierno federal deber\u00eda de destinar los recursos econ\u00f3micos que se entregan a \u201cninis\u201d a estudiantes de escuelas particulares, pues mucho ayudar\u00eda en lo econ\u00f3mico a padres de familia, pues son costos muy elevados estudiar en esos colegios.<\/p>\n<p>As\u00ed coincidieron en se\u00f1alar lo anterior, los legisladores, Ricardo Aguilar y David Parra durante un recorrido por esta localidad, con empresarios y j\u00f3venes naucalpenses, quienes les solicitaron que \u201cdesde los Congresos (federal y lcales) les pedimos que nos ayuden a que haya m\u00e1s apoyo y oportunidades en diferentes temas que el gobierno federal morenista nos ha arrebatado\u201d, dijo el joven Daniel del Castillo.<\/p>\n<p>El tambi\u00e9n diputado Enrique Jacob Rocha se sum\u00f3 a esta gira de trabajo en la localidad. David Parra, asegur\u00f3 que \u201cefectivamente, el gobierno federal ha actuado en contra no s\u00f3lo de los j\u00f3venes, sino con todo el pueblo de M\u00e9xico. Se va a topar con pared. Desde los Congresos buscaremos que haya m\u00e1s oportunidades para este importante sector\u201d, dijo.<\/p>\n<p>Por su parte, Ricardo Aguilar, afirm\u00f3 que \u201che escuchado con atenci\u00f3n sus justas demandas en materia educativa, salud, seguridad y falta de oportunidades. Las y los diputados pri\u00edstas, presentaremos iniciativas de Ley en favor de ustedes, el semillero, presente y futuro de este pa\u00eds\u201d.<\/p>\n<p>Los diputados priistas, reconocieron que \u201cpor desgracia vivimos en un pa\u00eds de pobres y con el cierre de instituciones. El Gobierno Federal, debe de invertir y apoyar a la educaci\u00f3n. Hoy no hay recursos y los pocos que tenemos, se invierten en otras \u00e1reas que de nada sirven ni a los j\u00f3venes ni al pueblo de M\u00e9xico \u201c, aseguraron.<\/p>\n<p>Los representantes populares del PRI, destacaron la importancia de \u201cinvolucrar a la sociedad para que M\u00e9xico crezca. La pol\u00edtica que Morena est\u00e1 desarrollando ha ocasionado que este pa\u00eds vaya en reversa\u201d.<\/p>\n<p>Finalmente, aseguraron que \u201c hoy es el tiempo de los j\u00f3venes, pues son el futuro y presente de M\u00e9xico. Estamos y estaremos con ellos\u201d.<\/p>\n","protected":false},"excerpt":{"rendered":"<p>El gobierno federal deber\u00eda de destinar los recursos econ\u00f3micos que se entregan a \u201cninis\u201d a estudiantes de escuelas particulares, pues mucho ayudar\u00eda en lo econ\u00f3mico a padres de familia, pues son costos muy elevados estudiar en esos colegios.<\/p>\n","protected":false},"author":3,"featured_media":552066,"comment_status":"open","ping_status":"open","sticky":false,"template":"","format":"standard","meta":{"_monsterinsights_skip_tracking":false,"_monsterinsights_sitenote_active":false,"_monsterinsights_sitenote_note":"","_monsterinsights_sitenote_category":0,"footnotes":""},"categories":[5],"tags":[2701,43675,970,11516],"class_list":["post-551956","post","type-post","status-publish","format-standard","has-post-thumbnail","hentry","category-estado-de-mexico","tag-apoyo","tag-estado-de-mexico","tag-naucalpan","tag-ninis"],"_links":{"self":[{"href":"https:\/\/www.diarioimagen.net\/index.php?rest_route=\/wp\/v2\/posts\/551956","targetHints":{"allow":["GET"]}}],"collection":[{"href":"https:\/\/www.diarioimagen.net\/index.php?rest_route=\/wp\/v2\/posts"}],"about":[{"href":"https:\/\/www.diarioimagen.net\/index.php?rest_route=\/wp\/v2\/types\/post"}],"author":[{"embeddable":true,"href":"https:\/\/www.diarioimagen.net\/index.php?rest_route=\/wp\/v2\/users\/3"}],"replies":[{"embeddable":true,"href":"https:\/\/www.diarioimagen.net\/index.php?rest_route=%2Fwp%2Fv2%2Fcomments&post=551956"}],"version-history":[{"count":0,"href":"https:\/\/www.diarioimagen.net\/index.php?rest_route=\/wp\/v2\/posts\/551956\/revisions"}],"wp:featuredmedia":[{"embeddable":true,"href":"https:\/\/www.diarioimagen.net\/index.php?rest_route=\/wp\/v2\/media\/552066"}],"wp:attachment":[{"href":"https:\/\/www.diarioimagen.net\/index.php?rest_route=%2Fwp%2Fv2%2Fmedia&parent=551956"}],"wp:term":[{"taxonomy":"category","embeddable":true,"href":"https:\/\/www.diarioimagen.net\/index.php?rest_route=%2Fwp%2Fv2%2Fcategories&post=551956"},{"taxonomy":"post_tag","embeddable":true,"href":"https:\/\/www.diarioimagen.net\/index.php?rest_route=%2Fwp%2Fv2%2Ftags&post=551956"}],"curies":[{"name":"wp","href":"https:\/\/api.w.org\/{rel}","templated":true}]}}