{"id":551958,"date":"2022-07-01T00:04:13","date_gmt":"2022-07-01T05:04:13","guid":{"rendered":"https:\/\/www.diarioimagen.net\/?p=551958"},"modified":"2022-07-01T04:18:21","modified_gmt":"2022-07-01T09:18:21","slug":"se-trabaja-en-cuautitlan-izcalli-para-evitar-inundaciones","status":"publish","type":"post","link":"https:\/\/www.diarioimagen.net\/?p=551958","title":{"rendered":"Se trabaja en Cuautitl\u00e1n Izcalli para evitar inundaciones"},"content":{"rendered":"<p>&nbsp;<\/p>\n<p><img loading=\"lazy\" decoding=\"async\" class=\"aligncenter size-full wp-image-552076\" src=\"https:\/\/www.diarioimagen.net\/wp-content\/uploads\/2022\/07\/BAENA4.jpg\" alt=\"\" width=\"460\" height=\"270\" \/><\/p>\n<p>&nbsp;<\/p>\n<p><strong>Cuautitl\u00e1n Izcalli, Estado de M\u00e9xico.\u2014 <\/strong>El Organismo P\u00fablico Descentralizado Municipal para la Prestaci\u00f3n de los Servicios de Agua Potable, Alcantarillado y Saneamiento de esta localidad, (Operagua), contin\u00faa realizando trabajos preventivos en los canales El Gavi\u00f3n, El Yute, carril de San Agust\u00edn, as\u00ed como en la presa El \u00c1ngulo y la laguna de La Piedad, para evitar inundaciones y afectaciones ante las precipitaciones pluviales que se han presentado en las \u00faltimas semanas.<\/p>\n<p>Por instrucciones de la presidenta municipal, Karla Fiesco Garc\u00eda, \u00a0personal de las direcciones de Servicios P\u00fablicos, Obras P\u00fablicas, la Coordinaci\u00f3n de Protecci\u00f3n Civil y Bomberos, as\u00ed como Operagua, quienes realizan trabajos en beneficio de las familias izcallenses.<\/p>\n","protected":false},"excerpt":{"rendered":"<p>El Organismo P\u00fablico Descentralizado Municipal para la Prestaci\u00f3n de los Servicios de Agua Potable, Alcantarillado y Saneamiento de esta localidad, (Operagua), contin\u00faa realizando trabajos preventivos en los canales El Gavi\u00f3n, El Yute, carril de San Agust\u00edn, as\u00ed como en la presa El \u00c1ngulo y la laguna de La Piedad, para evitar inundaciones y afectaciones ante las precipitaciones pluviales que se han presentado en las \u00faltimas semanas.<\/p>\n","protected":false},"author":3,"featured_media":552076,"comment_status":"open","ping_status":"open","sticky":false,"template":"","format":"standard","meta":{"_monsterinsights_skip_tracking":false,"_monsterinsights_sitenote_active":false,"_monsterinsights_sitenote_note":"","_monsterinsights_sitenote_category":0,"footnotes":""},"categories":[5],"tags":[971,43675,64913,1985],"class_list":["post-551958","post","type-post","status-publish","format-standard","has-post-thumbnail","hentry","category-estado-de-mexico","tag-cuautitlan-izcalli","tag-estado-de-mexico","tag-evitar","tag-inundaciones"],"_links":{"self":[{"href":"https:\/\/www.diarioimagen.net\/index.php?rest_route=\/wp\/v2\/posts\/551958","targetHints":{"allow":["GET"]}}],"collection":[{"href":"https:\/\/www.diarioimagen.net\/index.php?rest_route=\/wp\/v2\/posts"}],"about":[{"href":"https:\/\/www.diarioimagen.net\/index.php?rest_route=\/wp\/v2\/types\/post"}],"author":[{"embeddable":true,"href":"https:\/\/www.diarioimagen.net\/index.php?rest_route=\/wp\/v2\/users\/3"}],"replies":[{"embeddable":true,"href":"https:\/\/www.diarioimagen.net\/index.php?rest_route=%2Fwp%2Fv2%2Fcomments&post=551958"}],"version-history":[{"count":0,"href":"https:\/\/www.diarioimagen.net\/index.php?rest_route=\/wp\/v2\/posts\/551958\/revisions"}],"wp:featuredmedia":[{"embeddable":true,"href":"https:\/\/www.diarioimagen.net\/index.php?rest_route=\/wp\/v2\/media\/552076"}],"wp:attachment":[{"href":"https:\/\/www.diarioimagen.net\/index.php?rest_route=%2Fwp%2Fv2%2Fmedia&parent=551958"}],"wp:term":[{"taxonomy":"category","embeddable":true,"href":"https:\/\/www.diarioimagen.net\/index.php?rest_route=%2Fwp%2Fv2%2Fcategories&post=551958"},{"taxonomy":"post_tag","embeddable":true,"href":"https:\/\/www.diarioimagen.net\/index.php?rest_route=%2Fwp%2Fv2%2Ftags&post=551958"}],"curies":[{"name":"wp","href":"https:\/\/api.w.org\/{rel}","templated":true}]}}