{"id":552001,"date":"2022-07-01T00:08:49","date_gmt":"2022-07-01T05:08:49","guid":{"rendered":"https:\/\/www.diarioimagen.net\/?p=552001"},"modified":"2022-07-01T02:56:52","modified_gmt":"2022-07-01T07:56:52","slug":"552001","status":"publish","type":"post","link":"https:\/\/www.diarioimagen.net\/?p=552001","title":{"rendered":"Periodista asesinado"},"content":{"rendered":"<h2>Punto por punto<\/h2>\n<h5>Augusto Corro<\/h5>\n<p>&nbsp;<\/p>\n<p>El periodista Antonio de la Cruz, de 48 a\u00f1os, fue asesinado a balazos y su hija, Cynthia, fue herida de gravedad. El hecho ocurri\u00f3 el mi\u00e9rcoles en la ma\u00f1ana en Ciudad Victoria. El presunto homicida se transportaba en una motocicleta.<\/p>\n<p>En el a\u00f1o, van doce comunicadores que pierden la vida violentamente. En la mayor\u00eda de los casos se cae en la impunidad. Los delincuentes no son castigados.<\/p>\n<p>En M\u00e9xico, los periodistas y los activistas son v\u00edctimas de agresiones constantes por parte de la delincuencia organizada en zonas en las que impera la ley de la selva.<\/p>\n<p>El reportero Antonio de la Cruz prestaba sus servicios en el peri\u00f3dico \u201cExpreso\u201d de Ciudad Victoria. Como se sabe, Tamaulipas es un territorio con violencia extrema.<\/p>\n<p>Como ocurre en estos casos de violencia contra periodistas, las autoridades condenaron los hechos y prometieron castigar a los criminales.<\/p>\n<p>Urgen medidas preventivas que protejan a los comunicadores. Ya basta de asesinatos. El 2022 se perfila para convertirse en el a\u00f1o m\u00e1s letal en la historia del periodismo en M\u00e9xico.<\/p>\n<p>Seg\u00fan Art\u00edculo 19, la cifra de periodistas asesinados en nuestro pa\u00eds es de 151 a partir de 2000.<\/p>\n<p style=\"text-align: center;\"><strong>\u201cAlito\u201d, \u00bfdividir\u00e1 a la oposici\u00f3n?<\/strong><\/p>\n<p>La alianza Va por M\u00e9xico\u201dsurgi\u00f3, entre otros prop\u00f3sitos, con la idea de enfrentar al morenismo, en las contiendas electorales.<\/p>\n<p>En las elecciones los resultados de la coalici\u00f3n PAN, PRI y PRD fueron pobres.<\/p>\n<p>Sin embargo, contin\u00faan con la idea de seguir adelante en su unidad ante las elecciones estatales del pr\u00f3ximo a\u00f1o y las presidenciales de 2024.<\/p>\n<p>En la lucha pol\u00edtica para alcanzar la silla presidencial, Morena lleva la delantera. Inclusive el presidente L\u00f3pez Obrador ya destap\u00f3 a varios de los posibles aspirantes.<\/p>\n<p>En el partido guinda andan sobrados de precandidatos, mientras que la oposici\u00f3n a\u00fan est\u00e1 lenta en la designaci\u00f3n de sus representantes para 2024.<\/p>\n<p>\u00bfLa coalici\u00f3n podr\u00e1 mantener la unidad? Ya lo sabremos. Por el momento, tendr\u00e1 que sortear varios obst\u00e1culos.<\/p>\n<p>Uno de esos problemas est\u00e1 representado por la manera de soltar los discursos del l\u00edder priista, Alejandro Moreno C\u00e1rdenas (a) \u201cAlito\u201d.<\/p>\n<p>Aparentemente, \u201cAlito\u201d, ex gobernador de Campeche, diputado y actual presidente del PRI, recibi\u00f3 el apoyo de los otros dirigentes opositores, en sus primeros encuentros con los ex dirigentes priistas.<\/p>\n<p>Adem\u00e1s, el dirigente tricolor est\u00e1 sometido a una serie de \u201caudios\u201d, en los que se habla de asuntos relacionados con actos il\u00edcitos.<\/p>\n<p>Adem\u00e1s, Moreno C\u00e1rdenas dijo que no renunciar\u00e1 al cargo de l\u00edder priista y aprovech\u00f3 la oportunidad para \u201cautodestaparse\u201d como candidato en la contienda electoral del 2024.<\/p>\n<p>En medio de una tormenta pol\u00edtica, el ex gobernador decidi\u00f3 lanzarse a fondo en materia de seguridad, uno de los problemas m\u00e1s complejos que afecta a los mexicanos.<\/p>\n<p>El l\u00edder tricolor hizo una propuesta, considerada como desesperada: expuso la \u201cnecesidad\u201d de que todos en M\u00e9xico se armen.<\/p>\n<p>Anunci\u00f3 que su partido propondr\u00e1 modificar la ley de armas de fuego para que con mayor facilidad las familias mexicanas puedan acceder a las armas de mayor calibre a efecto de que puedan proteger su casa, sus negocios, sus vidas.<\/p>\n<p>Inmediatamente, la idea de \u201cAlito\u201d fue criticada por los analistas pol\u00edticos, quienes dijeron que con los asesores que tiene el campechano, ya no necesita buscar enemigos en otros partidos.<\/p>\n<p>Por su parte, Jes\u00fas Zambrano, dirigente del PRD, en entrevista para \u201cAs\u00ed las cosas\u201d, declar\u00f3 que aunque no quiere adelantar v\u00edsperas, su organizaci\u00f3n pol\u00edtica podr\u00eda dejar la alianza Va por M\u00e9xico, si Alejandro Moreno insiste con armar a los mexicanos.<\/p>\n<p>El \u201cChucho\u201d Zambrano se dijo sorprendido con la iniciativa del priista, pues ni el PAN se hab\u00eda atrevido a una propuesta tan desesperada. \u00bfUsted qu\u00e9 opina amable lector?<\/p>\n<p><a href=\"mailto:aco2742@hotmail.com\" target=\"_blank\" rel=\"noopener noreferrer\"><em>aco2742@hotmail.com<\/em><\/a><\/p>\n","protected":false},"excerpt":{"rendered":"<p><span style=\"color: #005497;\"><strong>Augusto Corro<\/strong><\/span><\/p>\n","protected":false},"author":3,"featured_media":0,"comment_status":"open","ping_status":"open","sticky":false,"template":"","format":"standard","meta":{"_monsterinsights_skip_tracking":false,"_monsterinsights_sitenote_active":false,"_monsterinsights_sitenote_note":"","_monsterinsights_sitenote_category":0,"footnotes":""},"categories":[157],"tags":[43686,43674,11515],"class_list":["post-552001","post","type-post","status-publish","format-standard","hentry","category-augusto-corro","tag-augusto-corro","tag-opinion","tag-punto-por-punto"],"_links":{"self":[{"href":"https:\/\/www.diarioimagen.net\/index.php?rest_route=\/wp\/v2\/posts\/552001","targetHints":{"allow":["GET"]}}],"collection":[{"href":"https:\/\/www.diarioimagen.net\/index.php?rest_route=\/wp\/v2\/posts"}],"about":[{"href":"https:\/\/www.diarioimagen.net\/index.php?rest_route=\/wp\/v2\/types\/post"}],"author":[{"embeddable":true,"href":"https:\/\/www.diarioimagen.net\/index.php?rest_route=\/wp\/v2\/users\/3"}],"replies":[{"embeddable":true,"href":"https:\/\/www.diarioimagen.net\/index.php?rest_route=%2Fwp%2Fv2%2Fcomments&post=552001"}],"version-history":[{"count":0,"href":"https:\/\/www.diarioimagen.net\/index.php?rest_route=\/wp\/v2\/posts\/552001\/revisions"}],"wp:attachment":[{"href":"https:\/\/www.diarioimagen.net\/index.php?rest_route=%2Fwp%2Fv2%2Fmedia&parent=552001"}],"wp:term":[{"taxonomy":"category","embeddable":true,"href":"https:\/\/www.diarioimagen.net\/index.php?rest_route=%2Fwp%2Fv2%2Fcategories&post=552001"},{"taxonomy":"post_tag","embeddable":true,"href":"https:\/\/www.diarioimagen.net\/index.php?rest_route=%2Fwp%2Fv2%2Ftags&post=552001"}],"curies":[{"name":"wp","href":"https:\/\/api.w.org\/{rel}","templated":true}]}}