{"id":552004,"date":"2022-07-01T00:03:08","date_gmt":"2022-07-01T05:03:08","guid":{"rendered":"https:\/\/www.diarioimagen.net\/?p=552004"},"modified":"2022-07-01T02:54:48","modified_gmt":"2022-07-01T07:54:48","slug":"todos-somos-alazraki-krauze-dreser-meyer-etc","status":"publish","type":"post","link":"https:\/\/www.diarioimagen.net\/?p=552004","title":{"rendered":"Todos somos Alazraki, Krauze, Dreser, Meyer, etc."},"content":{"rendered":"<h2>Espacio Electoral<\/h2>\n<h5>Eleazar Flores<\/h5>\n<p>&nbsp;<\/p>\n<p><strong>\u00bfQUI\u00c9N FALTA?-.<\/strong> Ampliada la lista de adversarios o enemigo, -que para diverger es lo mismo-, el padre de la Cuarta Transformaci\u00f3n se lanz\u00f3 ahora contra Carlos Alazraki, orgullosamente mexicano de origen jud\u00edo , \u201cigual que la ni\u00f1a de sus ojos, Claudia Sheimbaum\u201d , responde el columnista de <em>El Universal<\/em>.<\/p>\n<p>Y obvio que todos, o muchos para ser exactos, quisi\u00e9ramos ser tan le\u00eddos como Carlos Alazraki, Enrique Krauze, Denise Dreser , Jean Meyer, Sara Sefchovivh y muchos m\u00e1s, cuyos denominadores comunes son dos: Su s\u00f3lida cultura y su \u00e1ngulo cr\u00edtico anti-sistema, gobierne el partido que sea.<\/p>\n<p>Tiempos llegar\u00e1n -como se lee en libros religiosos tan vueltos a circulaci\u00f3n en este r\u00e9gimen-, en que no alcance a enlistar a los enemigos del creador de Movimiento Regeneraci\u00f3n Nacional, que a inicios del r\u00e9gimen se lanz\u00f3 contra empresarios \u201crapaces\u201d los bautiz\u00f3 en su momento, medios de comunicaci\u00f3n \u201cmafia del poder\u201d, periodistas, \u201cchairos y chayoteros\u201d e intelectuales, \u201cconservadores y fif\u00eds\u201d como ha etiquetado a muchos de los citados en el espacio de hoy.<\/p>\n<p>Conste que como no viene al caso, omito a los columnistas cr\u00edticos Raymundo Rivapalacio, V\u00edctor Trujillo en su personaje de <em>Brozo<\/em> y el \u201cpreferido\u201d presidencial Carlos Loret de Mola, a quien el tabasque\u00f1o quiere, que para aspectos fiscales pide p\u00fablicamente que\u00a0 le den trato de servidor p\u00fablico, fiscaliz\u00e1ndole bienes e ingresos, lo que va en contra de la ley, como muchos actos del actual r\u00e9gimen.<\/p>\n<p>Pero ni los hubiera citado, no vaya a ser que al padre de la Cuarta Transformaci\u00f3n le refresque la memoria y los nombre en sus homil\u00edas ma\u00f1aneras.<\/p>\n<p>Volviendo al exitoso publicista y muy le\u00eddo columnista de <em>El Universal,<\/em> Carlos Alazraki, habr\u00e1 que reconocerle su honestidad, primero consigo mismo y despu\u00e9s con sus lectores, pues en un pa\u00eds de libertades como el gobierno pregona y el pueblo anhela que esto sea realidad, no deber\u00eda haber la m\u00ednima cr\u00edtica para quienes piensan diferente al padre de la Cuarta Transformaci\u00f3n.<\/p>\n<p>Retroceda un poco e imag\u00ednese la reacci\u00f3n de los medios si alguno de los cuatro o cinco \u00faltimos Presidentes de la Rep\u00fablica\u00a0 hubieran lanzado cr\u00edticas contra cualquiera de los columnistas cr\u00edticos de sus respectivos reg\u00edmenes.<\/p>\n<p>Si con errores como el \u201ccash\u201d de Zedillo o los m\u00faltiples de Fox, Calder\u00f3n, pero sobre todo Pe\u00f1a, con las tres influencias literarias de su vida, cuyos t\u00edtulos no pudo recordar en plena\u00a0 Feria del Libro de Guadalajara, que\u00a0 lo etiquetaron como muy \u201cculto\u201d, imag\u00ednese ahora.<\/p>\n<p>Como ver\u00e1, tela para cortar sobra, m\u00e1xime en este r\u00e9gimen de piel sensible a la cr\u00edtica y pronta obediencia\u00a0 al gobierno yanqui.<\/p>\n<p>Pero eso s\u00ed, vamos bien, \u00bflo duda?, escuche el siguiente informe.<\/p>\n<p><em><a href=\"mailto:elefa44@gmail.com\" target=\"_blank\" rel=\"noopener noreferrer\">elefa44@gmail.com<\/a><\/em><\/p>\n","protected":false},"excerpt":{"rendered":"<p><span style=\"color: #005497;\"><strong>Eleazar Flores<\/strong><\/span><\/p>\n","protected":false},"author":3,"featured_media":0,"comment_status":"open","ping_status":"open","sticky":false,"template":"","format":"standard","meta":{"_monsterinsights_skip_tracking":false,"_monsterinsights_sitenote_active":false,"_monsterinsights_sitenote_note":"","_monsterinsights_sitenote_category":0,"footnotes":""},"categories":[81743],"tags":[81744,81776,43674],"class_list":["post-552004","post","type-post","status-publish","format-standard","hentry","category-eleazar-flores","tag-eleazar-flores","tag-espacio-electoral","tag-opinion"],"_links":{"self":[{"href":"https:\/\/www.diarioimagen.net\/index.php?rest_route=\/wp\/v2\/posts\/552004","targetHints":{"allow":["GET"]}}],"collection":[{"href":"https:\/\/www.diarioimagen.net\/index.php?rest_route=\/wp\/v2\/posts"}],"about":[{"href":"https:\/\/www.diarioimagen.net\/index.php?rest_route=\/wp\/v2\/types\/post"}],"author":[{"embeddable":true,"href":"https:\/\/www.diarioimagen.net\/index.php?rest_route=\/wp\/v2\/users\/3"}],"replies":[{"embeddable":true,"href":"https:\/\/www.diarioimagen.net\/index.php?rest_route=%2Fwp%2Fv2%2Fcomments&post=552004"}],"version-history":[{"count":0,"href":"https:\/\/www.diarioimagen.net\/index.php?rest_route=\/wp\/v2\/posts\/552004\/revisions"}],"wp:attachment":[{"href":"https:\/\/www.diarioimagen.net\/index.php?rest_route=%2Fwp%2Fv2%2Fmedia&parent=552004"}],"wp:term":[{"taxonomy":"category","embeddable":true,"href":"https:\/\/www.diarioimagen.net\/index.php?rest_route=%2Fwp%2Fv2%2Fcategories&post=552004"},{"taxonomy":"post_tag","embeddable":true,"href":"https:\/\/www.diarioimagen.net\/index.php?rest_route=%2Fwp%2Fv2%2Ftags&post=552004"}],"curies":[{"name":"wp","href":"https:\/\/api.w.org\/{rel}","templated":true}]}}