{"id":552036,"date":"2022-07-01T00:01:02","date_gmt":"2022-07-01T05:01:02","guid":{"rendered":"https:\/\/www.diarioimagen.net\/?p=552036"},"modified":"2022-07-01T03:27:50","modified_gmt":"2022-07-01T08:27:50","slug":"rinden-fruto-los-esfuerzos-post-pandemia-para-la-recuperacion-del-turismo-en-yucatan","status":"publish","type":"post","link":"https:\/\/www.diarioimagen.net\/?p=552036","title":{"rendered":"Rinden fruto los esfuerzos \u201cpost pandemia\u201d para la recuperaci\u00f3n del turismo en Yucat\u00e1n"},"content":{"rendered":"<h2>De cinco estrellas<\/h2>\n<h5>Victoria Gonz\u00e1lez Prado<\/h5>\n<p><strong>\u00a0<\/strong><\/p>\n<ul>\n<li><strong><em>Alianza de <\/em>Roiback<em> y <\/em>Destinia<em> logra que 2 mil hoteles vendan vuelo + hotel de forma directa<\/em><\/strong><\/li>\n<\/ul>\n<p>&nbsp;<\/p>\n<div id=\"attachment_552037\" style=\"width: 470px\" class=\"wp-caption aligncenter\"><img loading=\"lazy\" decoding=\"async\" aria-describedby=\"caption-attachment-552037\" class=\"size-full wp-image-552037\" src=\"https:\/\/www.diarioimagen.net\/wp-content\/uploads\/2022\/07\/turismo.jpg\" alt=\"\" width=\"460\" height=\"270\" \/><p id=\"caption-attachment-552037\" class=\"wp-caption-text\">Michelle Fridman y Mauricio Vila Dosal.<\/p><\/div>\n<p>&nbsp;<\/p>\n<p>Hace unos d\u00edas me avasall\u00f3 el recuerdo del aroma peculiar de los arbustos que rodean al aeropuerto internacional de la Ciudad Blanca y se extienden a buena parte del suroeste de la colonia Castilla C\u00e1mara, y el del rumor de la seda de los ternos de espl\u00e9ndidos bordados.<\/p>\n<p>Ese placentero trance obedeci\u00f3 a que <strong>Mauricio Vila Dosal,<\/strong> gobernador de Yucat\u00e1n, y <strong>Michelle Fridman,<\/strong> secretaria de Fomento Tur\u00edstico del gobierno estatal, nos invitaron a reuni\u00f3n en esta Ciudad de M\u00e9xico para hablarnos de las acciones que se han realizado para impulsar la recuperaci\u00f3n del estado en materia tur\u00edstica y econ\u00f3mica, rubros tambi\u00e9n perjudicados por m\u00e1s de dos a\u00f1os de la pandemia de Covid-19.<\/p>\n<p><strong>Vila Dosal<\/strong> comparti\u00f3 algunas cifras que indican que en lo que va de 2022, el destino ha recibido m\u00e1s turistas que en el mismo periodo de 2019, por lo que \u201ceste a\u00f1o ya es hist\u00f3rico en esas materias\u201d.<\/p>\n<p>Precis\u00f3 que \u201cenero ha sido el mes que m\u00e1s turistas dom\u00e9sticos ha recibido la entidad en nuestra historia desde que se tiene registro de Datatur en 2004, y por citar otro ejemplo, en marzo pasado llegaron al aeropuerto de la Ciudad de M\u00e9rida m\u00e1s viajeros que en el mismo mes de todos los a\u00f1os de su historia, lo que habla de que las acciones implementadas para la promoci\u00f3n del estado han dado excelentes resultados\u201d.<\/p>\n<p>Por su parte, <strong>Michelle Fridman<\/strong> se refiri\u00f3 a la campa\u00f1a \u201c365 d\u00edas en Yucat\u00e1n\u201d destino que se ha posicionado como uno de los mejores de\u00a0M\u00e9xico por su amplia\u00a0oferta tur\u00edstica natural, arqueol\u00f3gica, cultural e hist\u00f3rica. Ahora, de manera especial se promover\u00e1 su\u00a0gastronom\u00eda\u00a0con la campa\u00f1a \u201c365 sabores de Yucat\u00e1n\u201d, complementaria del A\u00f1o de la Gastronom\u00eda y enfocada en la cultura culinaria de la regi\u00f3n, con lo que se busca incrementar el inter\u00e9s\u00a0 por el origen de las tradiciones yucatecas.<\/p>\n<p>\u201cAs\u00ed se impulsar\u00e1 el consumo de productos org\u00e1nicos regionales de temporada, las recetas e ingredientes de la cocina tradicional, y experiencias gastron\u00f3micas. Cada uno de los 365 d\u00edas se compartir\u00e1 mediante las redes sociales de Yucat\u00e1n, una experiencia o actividad relacionada con\u00a0la gastronom\u00eda de la entidad, acompa\u00f1ada de descripci\u00f3n detallada\u201d.<\/p>\n<p><strong>Fridman<\/strong> asegur\u00f3 que \u201cYucat\u00e1n lo tiene todo, una herencia culinaria milenaria que habla de nuestra historia en la materia, tenemos experiencias gastron\u00f3micas y tur\u00edsticas sumamente atractivas; tenemos un listado de cocineras y de chefs muy creativos y talentosos, as\u00ed como ingredientes end\u00e9micos que hacen de nuestra gastronom\u00eda algo \u00fanico, diferente e identitario.<\/p>\n<p>\u201cCreemos que con la promoci\u00f3n A\u00f1o de la Gastronom\u00eda, los eventos respectivos, las campa\u00f1as y las iniciativas que tenemos, como la campa\u00f1a \u201c365 Sabores de Yucat\u00e1n\u201d podremos posicionar muy bien a la entidad y al mismo tiempo acelerar el proceso de recuperaci\u00f3n tur\u00edstica y econ\u00f3mica post pandemia que queremos lograr este a\u00f1o, e incluso ya estamos rebasando muchos indicadores\u201d.<\/p>\n<p>La campa\u00f1a \u201c365 Sabores de Yucat\u00e1n\u201d considerar\u00e1 experiencias de las seis regiones tur\u00edsticas del estado, como parte de la descentralizaci\u00f3n del turismo para que los beneficios de este sector lleguen a m\u00e1s personas y su beneficio sea m\u00e1s amplio. Incluye el\u00a0impulso a la gastronom\u00eda como eje de desarrollo tur\u00edstico\u00a0con\u00a0rutas tur\u00edsticas, mercados, clases de cocina, catas, degustaciones y experiencias, as\u00ed como involucrar un elemento\u00a0gastron\u00f3mico\u00a0en cada una de las actividades de promoci\u00f3n que se realicen para el posicionamiento de\u00a0Yucat\u00e1n.<\/p>\n<p>Se presentar\u00e1n en\u00a0ferias y eventos fuera de la entidad, como se hizo en la\u00a0Feria Nacional de San Marcos\u00a0en abril pasado y en la reciente muestra gastron\u00f3mica en el marco de la \u00faltima edici\u00f3n del\u00a0Tianguis Tur\u00edstico de M\u00e9xico en Acapulco.<\/p>\n<p>Pronto, Yucat\u00e1n\u00a0ser\u00e1 invitado especial en el\u00a0Festival \u201cMorelia en Boca\u201d, estar\u00e1\u00a0en el\u00a0concurso mundial de Bruselas, y habr\u00e1 festivales, encuentros y otros actos especiales en el estado, entre los que destaca: el Festival de Gastronom\u00eda Contempor\u00e1nea,\u00a0\u2018<em>Yucat\u00e1n for peace\u00b4;<\/em> Encuentro de cocina tradicional, el\u00a0<em>Hokol Vuh,<\/em> la Feria de Turismo y Gastronom\u00eda\u00a0y el\u00a0<em>Latin America\u2019s 50 Best Restaurants, <\/em>evento internacional de gran magnitud en el \u00e1mbito culinario profesional\u00a0del mundo en el que se\u00a0premia lo mejor de lo mejor del arte gastron\u00f3mico de Latinoam\u00e9rica.<\/p>\n<p>\u2730\u2730\u2730\u2730\u2730 Especialista en la gesti\u00f3n del canal directo de venta de hoteles <em>Roiback,<\/em> firm\u00f3 acuerdo con el grupo <em>Destinia <\/em>para que los cerca de 2 mil hoteles en cartera de la tecnol\u00f3gica mallorquina con presencia en m\u00e1s de 50 pa\u00edses, puedan comercializar a trav\u00e9s de su p\u00e1gina web oficial paquetes combinados de vuelo + hotel.<\/p>\n<p>Este producto ha sido especialmente dise\u00f1ado para dar respuesta a los clientes de hoteles que necesitan tambi\u00e9n el desplazamiento, y como alternativa a la venta empaquetada de vuelo y alojamiento que se viene realizando habitualmente a trav\u00e9s de agencias de viajes <em>online <\/em>(OTAs) o turoperadores tradicionales, diferenci\u00e1ndose tambi\u00e9n por su <em>cross-selling<\/em> como traslados, alquileres de coches y seguros de cancelaci\u00f3n y asistencia.<\/p>\n<p>Mediante esta funcionalidad, el hotelero puede empaquetar desde su web sus tarifas especiales y exclusivas con los vuelos que aporta <em>Destinia<\/em> (m\u00e1s de 600 aerol\u00edneas), lo que le permite tener todo el control de las tarifas empaquetadas que quiere vender a trav\u00e9s de su canal directo a menor precio y ofrecer servicio a\u00f1adido al cliente, que no tendr\u00e1 que dirigirse a otra p\u00e1gina web para comprar su vuelo.<\/p>\n<p>Esta soluci\u00f3n innovadora destaca por su r\u00e1pida y f\u00e1cil implementaci\u00f3n, est\u00e1 disponible para los usuarios en 24 idiomas (incluido el chino y el \u00e1rabe), est\u00e1 adaptada completamente a dispositivos m\u00f3viles, dispone de <em>call center<\/em> en horario comercial y admite los principales m\u00e9todos de pago en el mercado, entre otras ventajas.<\/p>\n<p>&nbsp;<\/p>\n<blockquote>\n<p style=\"text-align: right;\">\u201c<strong>El<\/strong> <strong>\u00e1ngel de la fama tiene sus alas hechas de papel&#8230; peri\u00f3dico\u201d.<br \/>\n<\/strong><\/p>\n<\/blockquote>\n<p>&nbsp;<\/p>\n<p><em><span class=\"Apple-converted-space\"><a href=\"mailto:victoriagprado@gmail.com\" target=\"_blank\" rel=\"noopener noreferrer\">victoriagprado@gmail.com<\/a><br \/>\nTwitter: <a href=\"https:\/\/twitter.com\/victoriagprado\" target=\"_blank\" rel=\"noopener noreferrer\">@victoriagprado<\/a><\/span><\/em><\/p>\n","protected":false},"excerpt":{"rendered":"<p>Hace unos d\u00edas me avasall\u00f3 el recuerdo del aroma peculiar de los arbustos que rodean al aeropuerto internacional de la Ciudad Blanca y se extienden a buena parte del suroeste de la colonia Castilla C\u00e1mara, y el del rumor de la seda de los ternos de espl\u00e9ndidos bordados.<\/p>\n","protected":false},"author":3,"featured_media":552037,"comment_status":"open","ping_status":"open","sticky":false,"template":"","format":"standard","meta":{"_monsterinsights_skip_tracking":false,"_monsterinsights_sitenote_active":false,"_monsterinsights_sitenote_note":"","_monsterinsights_sitenote_category":0,"footnotes":""},"categories":[11],"tags":[107,43674,90758,106],"class_list":["post-552036","post","type-post","status-publish","format-standard","has-post-thumbnail","hentry","category-turismo","tag-de-cinco-estrellas","tag-opinion","tag-tursimo","tag-victoria-gonzalez-prado"],"_links":{"self":[{"href":"https:\/\/www.diarioimagen.net\/index.php?rest_route=\/wp\/v2\/posts\/552036","targetHints":{"allow":["GET"]}}],"collection":[{"href":"https:\/\/www.diarioimagen.net\/index.php?rest_route=\/wp\/v2\/posts"}],"about":[{"href":"https:\/\/www.diarioimagen.net\/index.php?rest_route=\/wp\/v2\/types\/post"}],"author":[{"embeddable":true,"href":"https:\/\/www.diarioimagen.net\/index.php?rest_route=\/wp\/v2\/users\/3"}],"replies":[{"embeddable":true,"href":"https:\/\/www.diarioimagen.net\/index.php?rest_route=%2Fwp%2Fv2%2Fcomments&post=552036"}],"version-history":[{"count":0,"href":"https:\/\/www.diarioimagen.net\/index.php?rest_route=\/wp\/v2\/posts\/552036\/revisions"}],"wp:featuredmedia":[{"embeddable":true,"href":"https:\/\/www.diarioimagen.net\/index.php?rest_route=\/wp\/v2\/media\/552037"}],"wp:attachment":[{"href":"https:\/\/www.diarioimagen.net\/index.php?rest_route=%2Fwp%2Fv2%2Fmedia&parent=552036"}],"wp:term":[{"taxonomy":"category","embeddable":true,"href":"https:\/\/www.diarioimagen.net\/index.php?rest_route=%2Fwp%2Fv2%2Fcategories&post=552036"},{"taxonomy":"post_tag","embeddable":true,"href":"https:\/\/www.diarioimagen.net\/index.php?rest_route=%2Fwp%2Fv2%2Ftags&post=552036"}],"curies":[{"name":"wp","href":"https:\/\/api.w.org\/{rel}","templated":true}]}}