{"id":552125,"date":"2022-07-04T00:06:28","date_gmt":"2022-07-04T05:06:28","guid":{"rendered":"https:\/\/www.diarioimagen.net\/?p=552125"},"modified":"2022-07-05T00:19:00","modified_gmt":"2022-07-05T05:19:00","slug":"inicio-uaemex-cuarta-temporada-de-teatro-universitario-2022","status":"publish","type":"post","link":"https:\/\/www.diarioimagen.net\/?p=552125","title":{"rendered":"Inici\u00f3 UAEM\u00e9x Cuarta Temporada de Teatro Universitario 2022"},"content":{"rendered":"<p><em>\u00a0<\/em><\/p>\n<ul>\n<li><strong><em>Del 2 de julio al 28 de agosto se presenta la Cuarta Temporada de Teatro Universitario 2022 de la UAEM\u00e9x, con propuestas de corte infantil, cl\u00e1sico y comedia<\/em><\/strong><\/li>\n<\/ul>\n<p><strong>\u00a0<\/strong><\/p>\n<div id=\"attachment_552237\" style=\"width: 470px\" class=\"wp-caption aligncenter\"><img loading=\"lazy\" decoding=\"async\" aria-describedby=\"caption-attachment-552237\" class=\"size-full wp-image-552237\" src=\"https:\/\/www.diarioimagen.net\/wp-content\/uploads\/2022\/07\/uaem-1.jpg\" alt=\"\" width=\"460\" height=\"270\" \/><p id=\"caption-attachment-552237\" class=\"wp-caption-text\">Las obras que ser\u00e1n parte de esta temporada son Un rey de chocolate, Su vestido no era Tard\u00e1n sino Victoria Secret y El Aniversario.<\/p><\/div>\n<p>&nbsp;<\/p>\n<p><strong>Toluca, Estado de M\u00e9xico.\u2014<\/strong> Con tres puestas en escena, la Compa\u00f1\u00eda Universitaria de Teatro de la Universidad Aut\u00f3noma del Estado de M\u00e9xico (UAEM\u00e9x) dar\u00e1 inici\u00f3, a partir del 2 de julio, a su Cuarta Temporada 2022, con propuestas de corte infantil, cl\u00e1sico y comedia.<\/p>\n<p>Un rey de chocolate es una obra creada y dirigida por Alejandro Cabello, cuya historia est\u00e1 inspirada en las canciones del compositor Francisco Gabilondo Soler, conocido por su nombre art\u00edstico Cri-Cri.<\/p>\n<p>Cabello comparti\u00f3 que la historia es para p\u00fablico infantil, ya que busca emitir un mensaje de inclusi\u00f3n y no discriminaci\u00f3n, a partir de elementos como la fantas\u00eda, inocencia y h\u00e9roes.<\/p>\n<p>Esta obra tendr\u00e1 como sede el Teatro Universitario \u201cLos Jaguares\u201d, los d\u00edas s\u00e1bado y domingo, a las 13:00 horas, con un costo de boleto para ni\u00f1os de 30 pesos y para adultos de 60 pesos, a partir del 2 de julio y hasta el 28 de agosto.<\/p>\n<p>Tambi\u00e9n en el Teatro Universitario \u201cLos Jaguares\u201d se presentar\u00e1, a partir del 7 de julio y hasta el 28 de agosto, de jueves a s\u00e1bado, a las 19:00 horas, y los domingos, a las 18:00 horas, la obra Su vestido no era Tard\u00e1n sino Victoria Secret, que es una adaptaci\u00f3n de Ricardo III, de William Shakespeare, por Antonio Z\u00fa\u00f1iga y dirigida por Israel R\u00edos.<\/p>\n<p>Por su contenido, la obra est\u00e1 recomendada para adolescentes y adultos, ya que desde una perspectiva cr\u00edtica aborda tem\u00e1ticas como el narcotr\u00e1fico, la violencia y desapariciones, a partir de elementos como el teatro disco de m\u00e1scaras.<\/p>\n<p>En tanto, El aniversario, de Ant\u00f3n Chejov, dirigida por Franz Wusterhaus, es una comedia que se presentar\u00e1 en el Teatro Universitario de C\u00e1mara \u201cEsv\u00f3n Gamaliel\u201d, de jueves a s\u00e1bado, a las 19:00 horas, y domingos, a las 18:00 horas, a partir del 14 de julio y hasta el 28 de agosto.<\/p>\n<p>Wusterhaus invit\u00f3 al p\u00fablico en general a disfrutar de una comedia divertida en la que se contar\u00e1n las vicisitudes y calamidades a las que se enfrentan, en la organizaci\u00f3n de la celebraci\u00f3n del 15 aniversario de un banco, los integrantes de la oficina.<\/p>\n<p>El director de la Compa\u00f1\u00eda Universitaria de Teatro de la UAEM\u00e9x, Juan Carlos Embriz Gonzaga, dio a conocer que el costo de la entrada general para las dos \u00faltimas obras, de viernes a domingo, ser\u00e1 de 100 pesos, adem\u00e1s de respetarse los distintos descuentos para estudiantes y adultos mayores, as\u00ed como acad\u00e9micos y administrativos de esta casa de estudios, mientras que los Jueves de Teatro ser\u00e1 de 50 pesos.<\/p>\n<p>La Cuarta Temporada de Teatro Universitario 2022 tendr\u00e1 un periodo vacacional del 18 al 31 de julio, lapso en el que no habr\u00e1 funciones.<\/p>\n<p>Las medidas de seguridad sanitaria ante la Covid-19 se mantendr\u00e1n, como el uso de cubrebocas y gel antibacterial.<\/p>\n","protected":false},"excerpt":{"rendered":"<p>Con tres puestas en escena, la Compa\u00f1\u00eda Universitaria de Teatro de la Universidad Aut\u00f3noma del Estado de M\u00e9xico (UAEM\u00e9x) dar\u00e1 inici\u00f3, a partir del 2 de julio, a su Cuarta Temporada 2022, con propuestas de corte infantil, cl\u00e1sico y comedia.<\/p>\n","protected":false},"author":3,"featured_media":552237,"comment_status":"open","ping_status":"open","sticky":false,"template":"","format":"standard","meta":{"_monsterinsights_skip_tracking":false,"_monsterinsights_sitenote_active":false,"_monsterinsights_sitenote_note":"","_monsterinsights_sitenote_category":0,"footnotes":""},"categories":[5],"tags":[71782,37380,67878],"class_list":["post-552125","post","type-post","status-publish","format-standard","has-post-thumbnail","hentry","category-estado-de-mexico","tag-teatro-universitario","tag-temporada","tag-uaemex"],"_links":{"self":[{"href":"https:\/\/www.diarioimagen.net\/index.php?rest_route=\/wp\/v2\/posts\/552125","targetHints":{"allow":["GET"]}}],"collection":[{"href":"https:\/\/www.diarioimagen.net\/index.php?rest_route=\/wp\/v2\/posts"}],"about":[{"href":"https:\/\/www.diarioimagen.net\/index.php?rest_route=\/wp\/v2\/types\/post"}],"author":[{"embeddable":true,"href":"https:\/\/www.diarioimagen.net\/index.php?rest_route=\/wp\/v2\/users\/3"}],"replies":[{"embeddable":true,"href":"https:\/\/www.diarioimagen.net\/index.php?rest_route=%2Fwp%2Fv2%2Fcomments&post=552125"}],"version-history":[{"count":0,"href":"https:\/\/www.diarioimagen.net\/index.php?rest_route=\/wp\/v2\/posts\/552125\/revisions"}],"wp:featuredmedia":[{"embeddable":true,"href":"https:\/\/www.diarioimagen.net\/index.php?rest_route=\/wp\/v2\/media\/552237"}],"wp:attachment":[{"href":"https:\/\/www.diarioimagen.net\/index.php?rest_route=%2Fwp%2Fv2%2Fmedia&parent=552125"}],"wp:term":[{"taxonomy":"category","embeddable":true,"href":"https:\/\/www.diarioimagen.net\/index.php?rest_route=%2Fwp%2Fv2%2Fcategories&post=552125"},{"taxonomy":"post_tag","embeddable":true,"href":"https:\/\/www.diarioimagen.net\/index.php?rest_route=%2Fwp%2Fv2%2Ftags&post=552125"}],"curies":[{"name":"wp","href":"https:\/\/api.w.org\/{rel}","templated":true}]}}