{"id":552129,"date":"2022-07-04T00:03:56","date_gmt":"2022-07-04T05:03:56","guid":{"rendered":"https:\/\/www.diarioimagen.net\/?p=552129"},"modified":"2022-07-04T03:35:18","modified_gmt":"2022-07-04T08:35:18","slug":"convoca-el-pan-del-estado-de-mexico-a-renovar-consejo-estatal-para-2022-2025","status":"publish","type":"post","link":"https:\/\/www.diarioimagen.net\/?p=552129","title":{"rendered":"Convoca el PAN del Estado de M\u00e9xico a renovar\u00a0Consejo Estatal para 2022-2025"},"content":{"rendered":"<p>&nbsp;<\/p>\n<ul>\n<li><strong><em>De cara al proceso electoral por la gubernatura<\/em><\/strong><\/li>\n<\/ul>\n<p>&nbsp;<\/p>\n<h6>Arturo Baena<\/h6>\n<p>&nbsp;<\/p>\n<div id=\"attachment_552209\" style=\"width: 470px\" class=\"wp-caption aligncenter\"><img loading=\"lazy\" decoding=\"async\" aria-describedby=\"caption-attachment-552209\" class=\"size-full wp-image-552209\" src=\"https:\/\/www.diarioimagen.net\/wp-content\/uploads\/2022\/07\/BAENA2-1.jpg\" alt=\"\" width=\"460\" height=\"270\" \/><p id=\"caption-attachment-552209\" class=\"wp-caption-text\">Anuar Azar convoc\u00f3 a todas y todos los panistas a participar en el proceso de renovaci\u00f3n de los comit\u00e9s municipales.<\/p><\/div>\n<p>&nbsp;<\/p>\n<p><strong>Naucalpan, Estado de M\u00e9xico.\u2014<\/strong> El Partido Acci\u00f3n Nacional (PAN), en el Estado de M\u00e9xico, aprob\u00f3 por unanimidad la convocatoria para renovar su Consejo Estatal (2022-2025) y sus propuestas para el Consejo Nacional (2022-2025).<\/p>\n<p>Con lo anterior, esperan que estos procesos sean una fiesta democr\u00e1tica en unidad, esfuerzo y fortaleza de cara al proceso electoral por la gubernatura en el Edomex. A propuesta de su dirigente estatal, Anuar Azar, fue aprobada por unanimidad los nombramientos de Juan Manuel Jasso Rold\u00e1n como presidente de la Comisi\u00f3n Organizadora del Proceso (COP) y a sus dos integrantes, Mireya Gil L\u00f3pez y Alejandra Esquivel Corchado, que llevar\u00e1n la organizaci\u00f3n de la asamblea estatal a realizarse dentro de tres meses. La convocatoria para ser publicada debe tener el aval del Comit\u00e9 Ejecutivo Nacional (CEN).<\/p>\n<p>Anuar convoc\u00f3 e invito a todas y todos los panistas a registrarse para ser evaluados para ser consejeros estatales o nacionales o ambos y participen en el proceso de renovaci\u00f3n de los comit\u00e9s municipales que se llevar\u00e1 en un ambiente de cordialidad, respeto y sobre todo fortaleciendo la vida democr\u00e1tica de Acci\u00f3n Nacional.<\/p>\n<p>Agreg\u00f3 que estos \u201cprocesos se deben vivir como una gran oportunidad para ser lo que nos hace diferentes y distinguibles a los dem\u00e1s partidos pol\u00edticos.<\/p>\n<p>\u201cNosotros si tomamos en cuenta a nuestra militancia. Para nosotros un militante panista es importante que tenga este espacio de expresi\u00f3n pol\u00edtica y su voto, proyecto y su forma de pensar tiene voz y tiene forma\u201d, apunt\u00f3.<\/p>\n<p>Se\u00f1al\u00f3 que por pol\u00edtica del comit\u00e9 se generar\u00e1n mesas pol\u00edticas en los municipios, con el objetivo que las contiendas sean panistas, que exista un marco de respeto, tratando de construir planillas de unidad, acuerdos pol\u00edticos que no ser\u00e1n obligatorios sino voluntarios. Que gan\u00e9 el que mayor capacidad tenga y si hay acuerdos de unidad, darle el respaldo.<\/p>\n<p>Este ejercito panista, dijo, estar\u00e1 dispuesto a dar la batalla para los procesos electorales del 2023 y 2024, respetando todas las visiones.<\/p>\n<p>\u201cEl proceso 2023 ser\u00e1 determinante para el pa\u00eds, los ojos ya est\u00e1n puestos en el Estado de M\u00e9xico. Si el proyecto que Acci\u00f3n Nacional plantea, ya sea solo o en coalici\u00f3n, todo lo que gan\u00f3 morena en las pasadas elecciones de las 6 gubernaturas, se equilibra en el 2023.Cabe destacar que las asambleas municipales ser\u00e1n en los pr\u00f3ximos meses.<\/p>\n","protected":false},"excerpt":{"rendered":"<p>El Partido Acci\u00f3n Nacional (PAN), en el Estado de M\u00e9xico, aprob\u00f3 por unanimidad la convocatoria para renovar su Consejo Estatal (2022-2025) y sus propuestas para el Consejo Nacional (2022-2025).<\/p>\n","protected":false},"author":3,"featured_media":552209,"comment_status":"open","ping_status":"open","sticky":false,"template":"","format":"standard","meta":{"_monsterinsights_skip_tracking":false,"_monsterinsights_sitenote_active":false,"_monsterinsights_sitenote_note":"","_monsterinsights_sitenote_category":0,"footnotes":""},"categories":[5],"tags":[95890,43675,970,91],"class_list":["post-552129","post","type-post","status-publish","format-standard","has-post-thumbnail","hentry","category-estado-de-mexico","tag-consejo-estatal","tag-estado-de-mexico","tag-naucalpan","tag-pan"],"_links":{"self":[{"href":"https:\/\/www.diarioimagen.net\/index.php?rest_route=\/wp\/v2\/posts\/552129","targetHints":{"allow":["GET"]}}],"collection":[{"href":"https:\/\/www.diarioimagen.net\/index.php?rest_route=\/wp\/v2\/posts"}],"about":[{"href":"https:\/\/www.diarioimagen.net\/index.php?rest_route=\/wp\/v2\/types\/post"}],"author":[{"embeddable":true,"href":"https:\/\/www.diarioimagen.net\/index.php?rest_route=\/wp\/v2\/users\/3"}],"replies":[{"embeddable":true,"href":"https:\/\/www.diarioimagen.net\/index.php?rest_route=%2Fwp%2Fv2%2Fcomments&post=552129"}],"version-history":[{"count":0,"href":"https:\/\/www.diarioimagen.net\/index.php?rest_route=\/wp\/v2\/posts\/552129\/revisions"}],"wp:featuredmedia":[{"embeddable":true,"href":"https:\/\/www.diarioimagen.net\/index.php?rest_route=\/wp\/v2\/media\/552209"}],"wp:attachment":[{"href":"https:\/\/www.diarioimagen.net\/index.php?rest_route=%2Fwp%2Fv2%2Fmedia&parent=552129"}],"wp:term":[{"taxonomy":"category","embeddable":true,"href":"https:\/\/www.diarioimagen.net\/index.php?rest_route=%2Fwp%2Fv2%2Fcategories&post=552129"},{"taxonomy":"post_tag","embeddable":true,"href":"https:\/\/www.diarioimagen.net\/index.php?rest_route=%2Fwp%2Fv2%2Ftags&post=552129"}],"curies":[{"name":"wp","href":"https:\/\/api.w.org\/{rel}","templated":true}]}}