{"id":552131,"date":"2022-07-04T00:04:55","date_gmt":"2022-07-04T05:04:55","guid":{"rendered":"https:\/\/www.diarioimagen.net\/?p=552131"},"modified":"2022-07-04T03:37:49","modified_gmt":"2022-07-04T08:37:49","slug":"necesitamos-brindar-apoyo-a-las-policias-mexiquenses-adrian-juarez-jimenez","status":"publish","type":"post","link":"https:\/\/www.diarioimagen.net\/?p=552131","title":{"rendered":"Necesitamos brindar apoyo a las polic\u00edas mexiquenses: Adri\u00e1n Ju\u00e1rez Jim\u00e9nez"},"content":{"rendered":"<p>&nbsp;<\/p>\n<p><img loading=\"lazy\" decoding=\"async\" class=\"aligncenter size-full wp-image-552215\" src=\"https:\/\/www.diarioimagen.net\/wp-content\/uploads\/2022\/07\/Bahena4.jpg\" alt=\"\" width=\"460\" height=\"270\" \/><\/p>\n<p>&nbsp;<\/p>\n<p><strong>Toluca, Estado de M\u00e9xico.\u2014<\/strong> Todos queremos y necesitamos de una polic\u00eda honesta y responsable para el bien de todas y todos los mexiquenses es por ello que se deben generar las condiciones para su buen desempe\u00f1o.<\/p>\n<p>As\u00ed lo asegur\u00f3 el diputado Adri\u00e1n Ju\u00e1rez Jim\u00e9nez, presidente de la Comisi\u00f3n de Seguridad P\u00fablica y Tr\u00e1nsito de la LXI Legislatura del Estado de M\u00e9xico, al inaugurar el primer \u201c Foro Mexiquense por la Dignificaci\u00f3n Policial\u201d.<\/p>\n","protected":false},"excerpt":{"rendered":"<p>Todos queremos y necesitamos de una polic\u00eda honesta y responsable para el bien de todas y todos los mexiquenses es por ello que se deben generar las condiciones para su buen desempe\u00f1o.<\/p>\n","protected":false},"author":3,"featured_media":552215,"comment_status":"open","ping_status":"open","sticky":false,"template":"","format":"standard","meta":{"_monsterinsights_skip_tracking":false,"_monsterinsights_sitenote_active":false,"_monsterinsights_sitenote_note":"","_monsterinsights_sitenote_category":0,"footnotes":""},"categories":[5],"tags":[92953,95891],"class_list":["post-552131","post","type-post","status-publish","format-standard","has-post-thumbnail","hentry","category-estado-de-mexico","tag-adrian-juarez-jimenez","tag-comision-de-seguridad-publica-y-transito"],"_links":{"self":[{"href":"https:\/\/www.diarioimagen.net\/index.php?rest_route=\/wp\/v2\/posts\/552131","targetHints":{"allow":["GET"]}}],"collection":[{"href":"https:\/\/www.diarioimagen.net\/index.php?rest_route=\/wp\/v2\/posts"}],"about":[{"href":"https:\/\/www.diarioimagen.net\/index.php?rest_route=\/wp\/v2\/types\/post"}],"author":[{"embeddable":true,"href":"https:\/\/www.diarioimagen.net\/index.php?rest_route=\/wp\/v2\/users\/3"}],"replies":[{"embeddable":true,"href":"https:\/\/www.diarioimagen.net\/index.php?rest_route=%2Fwp%2Fv2%2Fcomments&post=552131"}],"version-history":[{"count":0,"href":"https:\/\/www.diarioimagen.net\/index.php?rest_route=\/wp\/v2\/posts\/552131\/revisions"}],"wp:featuredmedia":[{"embeddable":true,"href":"https:\/\/www.diarioimagen.net\/index.php?rest_route=\/wp\/v2\/media\/552215"}],"wp:attachment":[{"href":"https:\/\/www.diarioimagen.net\/index.php?rest_route=%2Fwp%2Fv2%2Fmedia&parent=552131"}],"wp:term":[{"taxonomy":"category","embeddable":true,"href":"https:\/\/www.diarioimagen.net\/index.php?rest_route=%2Fwp%2Fv2%2Fcategories&post=552131"},{"taxonomy":"post_tag","embeddable":true,"href":"https:\/\/www.diarioimagen.net\/index.php?rest_route=%2Fwp%2Fv2%2Ftags&post=552131"}],"curies":[{"name":"wp","href":"https:\/\/api.w.org\/{rel}","templated":true}]}}