{"id":552135,"date":"2022-07-04T00:02:40","date_gmt":"2022-07-04T05:02:40","guid":{"rendered":"https:\/\/www.diarioimagen.net\/?p=552135"},"modified":"2022-07-04T03:36:03","modified_gmt":"2022-07-04T08:36:03","slug":"toda-autoridad-debe-garantizar-la-integracion-social-de-jovenes-diputada-de-la-rosa-mendoza","status":"publish","type":"post","link":"https:\/\/www.diarioimagen.net\/?p=552135","title":{"rendered":"Toda autoridad debe garantizar la integraci\u00f3n\u00a0social de j\u00f3venes: diputada De la Rosa Mendoza"},"content":{"rendered":"<p>&nbsp;<\/p>\n<ul>\n<li><strong><em>En nombre del Grupo Parlamentario de Morena<\/em><\/strong><\/li>\n<\/ul>\n<p>&nbsp;<\/p>\n<div id=\"attachment_552211\" style=\"width: 470px\" class=\"wp-caption aligncenter\"><img loading=\"lazy\" decoding=\"async\" aria-describedby=\"caption-attachment-552211\" class=\"size-full wp-image-552211\" src=\"https:\/\/www.diarioimagen.net\/wp-content\/uploads\/2022\/07\/BAENA3-1.jpg\" alt=\"\" width=\"460\" height=\"270\" \/><p id=\"caption-attachment-552211\" class=\"wp-caption-text\">La diputada Mar\u00eda del Carmen de la Rosa Mendoza asisti\u00f3 a la sesi\u00f3n de trabajo de Comisiones Unidas de Procuraci\u00f3n y Administraci\u00f3n de Justicia.<\/p><\/div>\n<p>&nbsp;<\/p>\n<p><strong>Toluca, Estado de M\u00e9xico.\u2014<\/strong> Autoridades de los tres \u00f3rdenes de gobierno tendr\u00edan que hacer un esfuerzo para que los j\u00f3venes que egresen de los centros de asistencia social, cuenten con las herramientas para garantizar su integraci\u00f3n social y autonom\u00eda, lo que abonar\u00eda a la seguridad, al desarrollo social y educaci\u00f3n.<\/p>\n<p>Se\u00f1al\u00f3 lo anterior la diputada local de Morena, Mar\u00eda del Carmen de la Rosa Mendoza y apunt\u00f3 que \u201c hoy es importante invertir un recurso p\u00fablico en estos ciudadanos y no debe verse en t\u00e9rmino de n\u00fameros sino de seres humanos, que hoy tenemos la responsabilidad de velar por ellos\u201d, dijo.<\/p>\n<p>Durante la sesi\u00f3n de trabajo de Comisiones Unidas de Procuraci\u00f3n y Administraci\u00f3n de Justicia, se analizan las reformas a la Ley de Asistencia Social del Estado de M\u00e9xico y Municipios y se adiciona la Ley que Regula los Centros de Asistencia Social y las Adopciones en el Estado de M\u00e9xico, presentada por la diputada Mar\u00eda del Carmen de la Rosa, en nombre del Grupo Parlamentario de Morena.<\/p>\n<p>Enfatiz\u00f3: \u201cCuando un joven egresa de este sistema de protecci\u00f3n, tiene dos opciones, vivir en la calle o regresar al hogar del que fueron separados cuando eran ni\u00f1os, queda claro que se enfrenta una grave problem\u00e1tica, porque los j\u00f3venes al salir de las casas hogar, cuentan con precarias herramientas, insuficiente apoyo o escaso acompa\u00f1amiento para reiniciar su vida independiente\u201d.<\/p>\n<p>La tambi\u00e9n secretaria de la Comisi\u00f3n de Desarrollo y Apoyo Social se\u00f1al\u00f3 que por ello es importante que se creen y apoyen pol\u00edticas p\u00fablicas que garanticen que el egreso de un joven de los centros de atenci\u00f3n social sea paulatino, permiti\u00e9ndole desarrollar habilidades, garantizando su derecho a la educaci\u00f3n, para que pueda encontrar un empleo digno y acceso a servicios de salud y vivienda.<\/p>\n<p>En su exposici\u00f3n de motivos, refiri\u00f3 que, en 2015, el Inegi dio a conocer la poblaci\u00f3n en los centros de alojamiento de asistencia social, que otorgan servicios de manera temporal o permanente, el censo 33 mil 118 ni\u00f1os, ni\u00f1as y adolescentes se encuentran bajo 875 albergues y centros de asistencia social, p\u00fablicos y privados.\u00a0 Y las 5 entidades con mayor poblaci\u00f3n albergada fueron Baja California, Jalisco, Ciudad de M\u00e9xico, Chihuahua y Estado de M\u00e9xico.<\/p>\n","protected":false},"excerpt":{"rendered":"<p>Autoridades de los tres \u00f3rdenes de gobierno tendr\u00edan que hacer un esfuerzo para que los j\u00f3venes que egresen de los centros de asistencia social, cuenten con las herramientas para garantizar su integraci\u00f3n social y autonom\u00eda, lo que abonar\u00eda a la seguridad, al desarrollo social y educaci\u00f3n.<\/p>\n","protected":false},"author":3,"featured_media":552211,"comment_status":"open","ping_status":"open","sticky":false,"template":"","format":"standard","meta":{"_monsterinsights_skip_tracking":false,"_monsterinsights_sitenote_active":false,"_monsterinsights_sitenote_note":"","_monsterinsights_sitenote_category":0,"footnotes":""},"categories":[5],"tags":[43675,260,95892,452],"class_list":["post-552135","post","type-post","status-publish","format-standard","has-post-thumbnail","hentry","category-estado-de-mexico","tag-estado-de-mexico","tag-jovenes","tag-maria-del-carmen-de-la-rosa-mendoza","tag-toluca"],"_links":{"self":[{"href":"https:\/\/www.diarioimagen.net\/index.php?rest_route=\/wp\/v2\/posts\/552135","targetHints":{"allow":["GET"]}}],"collection":[{"href":"https:\/\/www.diarioimagen.net\/index.php?rest_route=\/wp\/v2\/posts"}],"about":[{"href":"https:\/\/www.diarioimagen.net\/index.php?rest_route=\/wp\/v2\/types\/post"}],"author":[{"embeddable":true,"href":"https:\/\/www.diarioimagen.net\/index.php?rest_route=\/wp\/v2\/users\/3"}],"replies":[{"embeddable":true,"href":"https:\/\/www.diarioimagen.net\/index.php?rest_route=%2Fwp%2Fv2%2Fcomments&post=552135"}],"version-history":[{"count":0,"href":"https:\/\/www.diarioimagen.net\/index.php?rest_route=\/wp\/v2\/posts\/552135\/revisions"}],"wp:featuredmedia":[{"embeddable":true,"href":"https:\/\/www.diarioimagen.net\/index.php?rest_route=\/wp\/v2\/media\/552211"}],"wp:attachment":[{"href":"https:\/\/www.diarioimagen.net\/index.php?rest_route=%2Fwp%2Fv2%2Fmedia&parent=552135"}],"wp:term":[{"taxonomy":"category","embeddable":true,"href":"https:\/\/www.diarioimagen.net\/index.php?rest_route=%2Fwp%2Fv2%2Fcategories&post=552135"},{"taxonomy":"post_tag","embeddable":true,"href":"https:\/\/www.diarioimagen.net\/index.php?rest_route=%2Fwp%2Fv2%2Ftags&post=552135"}],"curies":[{"name":"wp","href":"https:\/\/api.w.org\/{rel}","templated":true}]}}