{"id":552176,"date":"2022-07-04T00:02:55","date_gmt":"2022-07-04T05:02:55","guid":{"rendered":"https:\/\/www.diarioimagen.net\/?p=552176"},"modified":"2022-07-04T00:50:48","modified_gmt":"2022-07-04T05:50:48","slug":"adan-augusto-lopez-recibe-apoyos","status":"publish","type":"post","link":"https:\/\/www.diarioimagen.net\/?p=552176","title":{"rendered":"Ad\u00e1n Augusto L\u00f3pez, recibe apoyos"},"content":{"rendered":"<h2>La Retaguardia<\/h2>\n<h5>Adriana Moreno Cordero<\/h5>\n<p>&nbsp;<\/p>\n<ul>\n<li><strong><em>Candidatura de Sheinbaum se desinfla; Lorenzo Guti\u00e9rrez, liderazgo en Polic\u00eda Auxiliar<\/em><\/strong><\/li>\n<\/ul>\n<p>&nbsp;<\/p>\n<p>En la semana que cerr\u00f3, el que recibi\u00f3 varios importantes apoyos en su b\u00fasqueda de la candidatura de Morena a la Presidencia de la Rep\u00fablica, es quien ya es conocido tambi\u00e9n como el \u201ccaballo negro\u201d del presidente <strong>Andr\u00e9s Manuel L\u00f3pez Obrador<\/strong>. Se trata de <strong>Ad\u00e1n Augusto L\u00f3pez Hern\u00e1ndez<\/strong>. Primero, recibi\u00f3 el apoyo, desde luego de su jefe, durante la \u201cinauguraci\u00f3n\u201d de la primera etapa de la Refiner\u00eda de Dos Bocas, \u00fanica en el mundo porque no refina ni un s\u00f3lo barril de petr\u00f3leo. L\u00f3gico, los paisanos del secretario de Gobernaci\u00f3n, lo recibieron ese d\u00eda, casi, casi con la \u201calfombra roja\u201d y mantas en las que le brindaron su total apoyo, lo que dej\u00f3 muy satisfecho al responsable de la pol\u00edtica interna del pa\u00eds.<\/p>\n<p>Pero la que para nada estuvo c\u00f3moda a pesar de que el inquilino de Palacio Nacional la invit\u00f3 a Para\u00edso, Tabasco para asistir al magno evento de la refiner\u00eda no refiner\u00eda, fue la jefa de Gobierno de la Ciudad de M\u00e9xico, <strong>Claudia Sheinbaum<\/strong>. Y es que no pod\u00eda ser de otra manera. Primero, los aplausos a la hora de presentarla fueron m\u00e1s bien desganados; las porras se las llev\u00f3 el titular de la Segob.<\/p>\n<p>Luego, en el presidium, la sentaron atr\u00e1s de la primera fila, donde s\u00ed estuvo L\u00f3pez Hern\u00e1ndez junto a su jefe y otros funcionarios del gabinete, lo que hizo que la funcionaria capitalina\u00a0 pusiera cara de profunda molestia, pero eso no deber\u00eda de extra\u00f1arle porque es bien sabido que fuera de la capital de la Rep\u00fablica, pr\u00e1cticamente no es conocida, con todo y que -seg\u00fan se sabe-, el presidente L\u00f3pez Obrador, ha girado instrucciones precisas a todos los gobernadores, inclu\u00eddo por cierto alg\u00fan pri\u00edista que est\u00e1 a punto de salir pero ya se volvi\u00f3 \u201cm\u00e1s papista que el Papa\u201d y que estuvo presente en la \u201cinauguraci\u00f3n\u201d de Olmeca Dos Bocas y hasta la foto se tom\u00f3, para que organicen eventos del tipo que se les ocurra con el objetivo de que la jefa de Gobierno de la CDMX, se pueda placear a sus anchas.<\/p>\n<p>De todo lo anterior, corre por ah\u00ed la versi\u00f3n de que la candidatura de Sheinbaum Pardo, de plano, se est\u00e1 desinflando y por ello, dej\u00f3 de ser ya la \u201ccorcholata\u201d favorita del Presidente y tom\u00f3 como \u201cplan B\u201d a su paisano Ad\u00e1n Augusto L\u00f3pez, pero la jefa de Gobierno no puede protestar diciendo \u201cesta boca es m\u00eda\u201d, porque se enfrentar\u00eda a la ira del inquilino de Palacio Nacional.<\/p>\n<p>Y retomando los apoyos que ha recibido el secretario de Gobernaci\u00f3n, no dej\u00f3 de llamar poderosamente la atenci\u00f3n que el ex gobernador de Tabasco, <strong>Andr\u00e9s Granier<\/strong>, que, como se recordar\u00e1 estuvo preso, de plano dijo que \u00e9l est\u00e1 dispuesto a apoyar a L\u00f3pez Hern\u00e1ndez.<\/p>\n<p>Aqu\u00ed habr\u00eda que recordar varias cosas. En sus tiempos de priista, el hoy flamante secretario de Gobernaci\u00f3n, fue coordinador de la campa\u00f1a de <strong>Manuel Andrade D\u00edaz<\/strong>, a quien\u00a0 en el a\u00f1o 2000, el PRD, impugn\u00f3 y consigui\u00f3 que el Tribunal Electoral del Poder Judicial de la Federaci\u00f3n, (TEPJF), anulara por vez primera en la historia, el triunfo, en este caso, del pri\u00edsta al gobierno de Tabasco, bajo la figura de \u201ccausal abstracta de nulidad de elecci\u00f3n\u201d.<\/p>\n<p>Luego de la anulaci\u00f3n, Andrade D\u00edaz manifest\u00f3 que volver\u00eda a buscar la misma candidatura, pero resulta que varios correligionario suyos, se apuntaron para la misma posici\u00f3n, siendo el primero precisamente, <strong>Ad\u00e1n Augusto L\u00f3pez Hern\u00e1ndez, <\/strong>as\u00ed como<strong> Abenamar de la Fuente, V\u00edctor Manuel Barcel\u00f3<\/strong> y <strong>Arturo N\u00fa\u00f1ez<\/strong>. Y como el hoy titular de la Segob no la consigui\u00f3, abandon\u00f3 su militancia pri\u00edsta, al igual que en su momento lo hiciera el propio Manuel Andrade, quien despu\u00e9s se convirti\u00f3 en candidato del PRD a la presidencia municipal de Centro Tabasco.<\/p>\n<p>De lo anterior, bien puede concluirse que todos los partidos pol\u00edticos son muy vers\u00e1tiles, por anotarlo de alguna manera.<\/p>\n<p>Pero lo cierto es que hay otros factores que vienen a contribuir al desinfle de la candidatura presidencial de Claudia Sheinbaum, ya que\u00a0 el abogado de 13 de las v\u00edctimas del colapso de la L\u00ednea 12 del Metro, ocurrido el 3 de mayo del 2021, <strong>Te\u00f3filo Ben\u00edtez<\/strong>, inform\u00f3 que obtuvieron una orden del Poder Judicial de la CDMX, para que <strong>Florencia Serran\u00eda Soto<\/strong>, la ex directora del Metro, sea citada por parte de la Fiscal\u00eda General de Justicia de la Ciudad de M\u00e9xico\u00a0 y hable sobre esa lamentable tragedia.<\/p>\n<p>Asimismo, se girar\u00e1n citatorios a otros funcionarios y ex funcionarios del Sistema de Transporte Colectivo, como <strong>Joel Ortega Cuevas<\/strong>, muy cercano, por cierto al secretario de Relaciones Exteriores, <strong>Marcelo Ebrard<\/strong>; <strong>Jorge Gavi\u00f1o Ambriz<\/strong>, exdirector del Metro; <strong>\u00d3scar D\u00edaz Gonz\u00e1lez Palomas<\/strong>, y el actual Secretario de Obras, <strong>Jes\u00fas Antonio Esteva<\/strong>.<\/p>\n<p>Infructuosos resultaron los denodados esfuerzos de Claudia Sheinbuam para ocultar a una de sus m\u00e1s cercanas, la se\u00f1ora Serran\u00eda Soto, que nunca asom\u00f3 la cabeza luego de la tragedia del 3 de mayo de hace un a\u00f1o, y se limit\u00f3 a declarar que ella no era culpable de nada, pues s\u00f3lo se desempe\u00f1aba como directora del Metro. Y ahora que al parecer, va a salir a la luz obligadamente, \u00bfse referir\u00e1 a quien fuera su jefa?, o \u00bfacaso ser\u00e1 tan leal?<\/p>\n<p>Ahora bien, Claudia Sheinbaum supone que con dar a conocer que la L\u00ednea 1 del Metro se renovar\u00e1 totalmente y la inversi\u00f3n, se supone, tendr\u00e1 un costo de alrededor de 37 millones de pesos, es suficiente para \u201clavarse las manos\u201d y muy al estilo de su jefe, el presidente, se quite de toda responsabilidad en la tragedia que cost\u00f3 la vida a 26 personas.<\/p>\n<p>Ya se consignaba en este espacio en anterior entrega, que el reto de movilizar a miles y miles de personas que utilizan esta L\u00ednea Uno del Metro que tiene 53 a\u00f1os de antig\u00fcedad, es algo con lo que no va a poder la flamante funcionaria, con todo y que, ella asevera, se van a incrementar las corridas de troleb\u00fas y Metrob\u00fas y entrar\u00e1 el servicio de autobuses de RTP, \u00e9ste \u00faltimo, diario prueba su ineficiencia en la L\u00ednea 12 del Metro, que hacen a sus trabajos 3 horas o m\u00e1s.<\/p>\n<p>Y si eso no afecta a la aspiraci\u00f3n de Sheinbaum Pardo, entonces, qui\u00e9n sabe qu\u00e9 estar\u00e1 esperando para repuntar.<\/p>\n<p style=\"text-align: center;\"><strong>Municiones<\/strong><\/p>\n<p>*** El pasado s\u00e1bado 2 de julio, se realiz\u00f3 la primera rodada de la Secretaria de Seguridad Ciudadana. El marco inicial fue el Monumento a la Revoluci\u00f3n y como siempre, la Polic\u00eda Auxiliar de la Ciudad de M\u00e9xico, encabezada por el \u201c<strong>Jefe Corso<\/strong>\u201d, <strong>Lorenzo Guti\u00e9rrez Ib\u00e1\u00f1ez<\/strong> Director General de dicha instituci\u00f3n mostr\u00f3 su liderazgo para motivar a sus mandos y compa\u00f1eros. Durante el desarrollo de la carrera, el Jefe Corso alent\u00f3\u00a0 al gran grupo que lo acompa\u00f1aba y contagi\u00f3 al resto de las diferentes unidades de la Secretaria. Sin duda, c\u00f3mo Guti\u00e9rrez Ib\u00e1\u00f1ez obtuvo el m\u00e1s amplio reconocimiento por estar siempre cerca de su gran equipo de trabajo, presente en todos los eventos.<\/p>\n<p><u><a href=\"mailto:morcora@gmail.com\" target=\"_blank\" rel=\"noopener noreferrer\"><em>morcora@gmail.com<\/em><\/a><\/u><\/p>\n","protected":false},"excerpt":{"rendered":"<p><span style=\"color: #005497;\"><strong>Adriana Moreno Cordero<\/strong><\/span><\/p>\n","protected":false},"author":3,"featured_media":0,"comment_status":"open","ping_status":"open","sticky":false,"template":"","format":"standard","meta":{"_monsterinsights_skip_tracking":false,"_monsterinsights_sitenote_active":false,"_monsterinsights_sitenote_note":"","_monsterinsights_sitenote_category":0,"footnotes":""},"categories":[69370],"tags":[69369,69368,43674],"class_list":["post-552176","post","type-post","status-publish","format-standard","hentry","category-adriana-moreno-cordero","tag-adriana-moreno-cordero","tag-la-retaguardia","tag-opinion"],"_links":{"self":[{"href":"https:\/\/www.diarioimagen.net\/index.php?rest_route=\/wp\/v2\/posts\/552176","targetHints":{"allow":["GET"]}}],"collection":[{"href":"https:\/\/www.diarioimagen.net\/index.php?rest_route=\/wp\/v2\/posts"}],"about":[{"href":"https:\/\/www.diarioimagen.net\/index.php?rest_route=\/wp\/v2\/types\/post"}],"author":[{"embeddable":true,"href":"https:\/\/www.diarioimagen.net\/index.php?rest_route=\/wp\/v2\/users\/3"}],"replies":[{"embeddable":true,"href":"https:\/\/www.diarioimagen.net\/index.php?rest_route=%2Fwp%2Fv2%2Fcomments&post=552176"}],"version-history":[{"count":0,"href":"https:\/\/www.diarioimagen.net\/index.php?rest_route=\/wp\/v2\/posts\/552176\/revisions"}],"wp:attachment":[{"href":"https:\/\/www.diarioimagen.net\/index.php?rest_route=%2Fwp%2Fv2%2Fmedia&parent=552176"}],"wp:term":[{"taxonomy":"category","embeddable":true,"href":"https:\/\/www.diarioimagen.net\/index.php?rest_route=%2Fwp%2Fv2%2Fcategories&post=552176"},{"taxonomy":"post_tag","embeddable":true,"href":"https:\/\/www.diarioimagen.net\/index.php?rest_route=%2Fwp%2Fv2%2Ftags&post=552176"}],"curies":[{"name":"wp","href":"https:\/\/api.w.org\/{rel}","templated":true}]}}