{"id":552177,"date":"2022-07-04T00:01:47","date_gmt":"2022-07-04T05:01:47","guid":{"rendered":"https:\/\/www.diarioimagen.net\/?p=552177"},"modified":"2022-07-04T00:51:52","modified_gmt":"2022-07-04T05:51:52","slug":"la-iglesia-y-el-estado","status":"publish","type":"post","link":"https:\/\/www.diarioimagen.net\/?p=552177","title":{"rendered":"La Iglesia y el Estado"},"content":{"rendered":"<h2>De pe a pa<\/h2>\n<h5>Alberto Vieyra G.<\/h5>\n<p>&nbsp;<\/p>\n<p>Bajo la premisa fundamental de que la vida es sagrada e inviolable, la Iglesia colombiana sac\u00f3 a esa naci\u00f3n de un ba\u00f1o de sangre que dur\u00f3 casi medio siglo, aunque los acuerdos de paz han sido trastocados por grupos paramilitares al servicio de las bandas criminales del narcotr\u00e1fico, lo que ha motivado que la mitra cat\u00f3lica insista en llevar a cabo un papel que corresponde al Estado colombiano incapaz de hacer valer los acuerdos de paz.<\/p>\n<p>El ejemplo de la Iglesia en Colombia es un extraordinario referente para hablar del papel que en M\u00e9xico est\u00e1 jugando la Iglesia a trav\u00e9s de unos curas que de manera valiente y a costa de sus vidas est\u00e1n suplantando al Estado mexicano que ha renunciado a la pacificaci\u00f3n del pa\u00eds con una infame estrategia gubernamental de \u201cabrazos y no balazos\u201d y de que \u201ca los criminales se les debe proteger porque tambi\u00e9n son seres humanos\u201d.<\/p>\n<p>En Michoac\u00e1n, por ejemplo, los curas de Aguililla se jugaron el pellejo haciendo que los retenes instalados por las mafias criminales fueran retirados para dar paso a que entraran en esa tierra caliente el ej\u00e9rcito y la Guardia Nacional, suplantando al Estado mexicano que es el \u00fanico que, por ostentar el monopolio de la violencia debe garantizar la sagrada e inviolable vida de todos los mexicanos. Hoy, esos curas permanecen en estrat\u00e9gico resguardo de la Iglesia ante el peligro de que sean ejecutados por las bandas criminales que le han cambiado a M\u00e9xico el rostro de la paz por un rostro macabro.<\/p>\n<p>En Guerrero, el obispo de la di\u00f3cesis de Chilpancingo Chilapa, Salvador Rangel Mendoza, y el sacerdote de la iglesia de Zumpango, Jos\u00e9 Filiberto Vel\u00e1zquez, han lograron salvar con vida a decenas de personas que estaban en poder de grupos delictivos y han logrado que muchos de esos c\u00e1rteles permitan el libre tr\u00e1nsito de lugare\u00f1os y de las fuerzas armadas, evidenciando que la Iglesia est\u00e1 suplantando a un Estado fallido en sus tres niveles que se niegan a garantizar la vida y los bienes de los mexicanos.<\/p>\n<p>Recordar\u00e9 que el art\u00edculo 130 constitucional reformado durante el r\u00e9gimen salinista consagra la separaci\u00f3n iglesia-Estado, pero de facto la Iglesia tomar\u00e1 el papel protag\u00f3nico para suplantar al Estado sobre todo en momentos en que, de manera absurda e irracional, el presidente Andr\u00e9s Manuel L\u00f3pez Obrador se ha metido en una enconada bronca con los m\u00e1s de 11 mil curas que hay en M\u00e9xico y con una Iglesia que no le tolerar\u00e1 agresiones como esa de que los curas \u201cest\u00e1n apergollados por la oligarqu\u00eda\u201d y tacharlos adem\u00e1s de \u201chip\u00f3critas\u201d; solo porque han alzado la voz criticando su fallida estrategia en materia de seguridad diciendo que \u201clos abrazos ya no alcanzan para contener los balazos\u201d y todo a ra\u00edz del asesinato de dos curas jesuitas, Javier Campos Morales \u201cGallo\u201d y Joaqu\u00edn C\u00e9sar Mora Salazar, \u201cMorita\u201d en la sierra Tarahumara.<\/p>\n<p>\u00bfQu\u00e9 quer\u00eda AMLO, que los curas guardaran silencio ante la barbarie que campea en M\u00e9xico en el r\u00e9gimen de la cuarta transformaci\u00f3n que nom\u00e1s no puede con el paquete?<\/p>\n<p>Cu\u00e1nta capacidad tiene AMLO para pelearse con todo mundo. Todav\u00eda no sale del bronc\u00f3n que se ech\u00f3 con la mitra cat\u00f3lica y ahora ya se pele\u00f3 con la comunidad jud\u00eda en M\u00e9xico a la que ha tachado de \u201chitleriana\u201d por las mismas cr\u00edticas contra su r\u00e9gimen que ha convertido a M\u00e9xico en macabros escenarios de muerte. Todo indica que AMLO no terminar\u00e1 bien si sigue por el camino de la confrontaci\u00f3n y la divisi\u00f3n de los mexicanos.<\/p>\n<p>No hay duda, que para pacificar a M\u00e9xico tendr\u00e1n que ser los hombres de Estado y aunque no quieran, requerir\u00e1n de la ayuda de la Iglesia que hoy est\u00e1 viendo suplantada su autoridad moral por un gobierno federal que se dice humanista pero que es incapaz de garantizar la sagrada e inviolable vida de los mexicanos.<\/p>\n<p><a href=\"mailto:info@agenciamn.com\" target=\"_blank\" rel=\"noopener noreferrer\"><em>info@agenciamn.com<\/em><\/a><\/p>\n","protected":false},"excerpt":{"rendered":"<p><span style=\"color: #005497;\"><strong>Alberto Vieyra G.<\/strong><\/span><\/p>\n","protected":false},"author":3,"featured_media":0,"comment_status":"open","ping_status":"open","sticky":false,"template":"","format":"standard","meta":{"_monsterinsights_skip_tracking":false,"_monsterinsights_sitenote_active":false,"_monsterinsights_sitenote_note":"","_monsterinsights_sitenote_category":0,"footnotes":""},"categories":[4596],"tags":[43697,4597,75367,43674],"class_list":["post-552177","post","type-post","status-publish","format-standard","hentry","category-alberto-vieyra-g","tag-alberto-vieyra-g","tag-de-pe-a-pa","tag-k","tag-opinion"],"_links":{"self":[{"href":"https:\/\/www.diarioimagen.net\/index.php?rest_route=\/wp\/v2\/posts\/552177","targetHints":{"allow":["GET"]}}],"collection":[{"href":"https:\/\/www.diarioimagen.net\/index.php?rest_route=\/wp\/v2\/posts"}],"about":[{"href":"https:\/\/www.diarioimagen.net\/index.php?rest_route=\/wp\/v2\/types\/post"}],"author":[{"embeddable":true,"href":"https:\/\/www.diarioimagen.net\/index.php?rest_route=\/wp\/v2\/users\/3"}],"replies":[{"embeddable":true,"href":"https:\/\/www.diarioimagen.net\/index.php?rest_route=%2Fwp%2Fv2%2Fcomments&post=552177"}],"version-history":[{"count":0,"href":"https:\/\/www.diarioimagen.net\/index.php?rest_route=\/wp\/v2\/posts\/552177\/revisions"}],"wp:attachment":[{"href":"https:\/\/www.diarioimagen.net\/index.php?rest_route=%2Fwp%2Fv2%2Fmedia&parent=552177"}],"wp:term":[{"taxonomy":"category","embeddable":true,"href":"https:\/\/www.diarioimagen.net\/index.php?rest_route=%2Fwp%2Fv2%2Fcategories&post=552177"},{"taxonomy":"post_tag","embeddable":true,"href":"https:\/\/www.diarioimagen.net\/index.php?rest_route=%2Fwp%2Fv2%2Ftags&post=552177"}],"curies":[{"name":"wp","href":"https:\/\/api.w.org\/{rel}","templated":true}]}}