{"id":552179,"date":"2022-07-04T00:04:51","date_gmt":"2022-07-04T05:04:51","guid":{"rendered":"https:\/\/www.diarioimagen.net\/?p=552179"},"modified":"2022-07-04T00:53:39","modified_gmt":"2022-07-04T05:53:39","slug":"lopez-velarde-y-el-petroleo","status":"publish","type":"post","link":"https:\/\/www.diarioimagen.net\/?p=552179","title":{"rendered":"L\u00f3pez Velarde y el petr\u00f3leo"},"content":{"rendered":"<h2>Desde el portal<\/h2>\n<h5>\u00c1ngel Soriano<\/h5>\n<p>&nbsp;<\/p>\n<p>Los veneros de petr\u00f3leo, que en su momento el zacatecano Ram\u00f3n L\u00f3pez Velarde escribi\u00f3 que escritur\u00f3 el diablo para M\u00e9xico, han blindado a M\u00e9xico de la inflaci\u00f3n globalizada a consecuencia de la invasi\u00f3n rusa a Ucrania y permite que las gasolinas est\u00e9n a tarifas m\u00e1s bajas que en EU y Europa.<\/p>\n<p>Al inaugurar la refiner\u00eda Olmeca, en Dos Bocas, Tabasco, el presidente Andr\u00e9s Manuel L\u00f3pez Obrador asegur\u00f3 que M\u00e9xico ser\u00e1 autosuficiente en el consumo del combustible a partir del a\u00f1o pr\u00f3ximo, en tanto se espera la llegada de los veh\u00edculos el\u00e9ctricos con energ\u00edas limpias. Mientras tanto, se activan las seis refiner\u00edas del pa\u00eds y la de Texas.<\/p>\n<p>Los que pronosticaban el fin de la era del petr\u00f3leo, de acuerdo a la realidad mundial, han fracasado. La falta de combustible y el encarecimiento del transporte de mercanc\u00edas ha encarecido todo y diversas regiones del mundo enfrentan una situaci\u00f3n cr\u00edtica que, dicho sea de paso, M\u00e9xico aguanta con precios subsidiados.<\/p>\n<p>El subsidio a la gasolina es pagado con los excedentes que se obtienen por el alza del precio del barril de crudo y se ponen a tono las refiner\u00edas que surten gasolina suficiente para atender la creciente demanda y que la econom\u00eda no se pare. Los pron\u00f3sticos de los adversarios de los veneros de petr\u00f3leo, desde luego, nada tuvieron que ver, pero la situaci\u00f3n mundial cambi\u00f3.<\/p>\n<p style=\"text-align: center;\"><strong>Turbulencias<br \/>\nSitios arqueol\u00f3gicos en la zona maya<\/strong><\/p>\n<p>El presidente Andr\u00e9s Manuel L\u00f3pez Obrador recorri\u00f3 este s\u00e1bado cuatro tramos de la construcci\u00f3n del Tren Maya hasta el r\u00edo Mono Sagrado, que permitir\u00e1 a los viajeros hacer una parada en la estaci\u00f3n del Usumacinta para tomar una lancha e ir a conocer la zona arqueol\u00f3gica en la frontera con Guatemala, que sin duda ser\u00e1 un gran atractivo tur\u00edstico para verificar que las culturas no ten\u00edan l\u00edmites y abarcaban territorios ahora divididos por la geograf\u00eda pol\u00edtica\u2026 El cicl\u00f3n tropical \u201cBonnie\u201d se acercar\u00e1 al Golfo de Tehuantepec y estar\u00e1 interactuando con un canal de baja presi\u00f3n sobre el suroeste del Golfo de M\u00e9xico, que influenciar\u00e1 gradualmente al estado de Oaxaca con aumento en la nubosidad, lluvias de moderadas a fuertes con tormentas ocasionales, asociadas con actividad el\u00e9ctrica con mayor \u00e9nfasis en el sector costero, Sierra Sur, Istmo de Tehuantepec y Cuenca del Papaloapan, lo que puede ocasionar crecida de r\u00edos o arroyos de respuesta r\u00e1pida y deslizamiento de laderas en zonas de alta monta\u00f1a, inform\u00f3 Protecci\u00f3n Civil del estado&#8230; El gobernador Alejandro Murat (PRI) festej\u00f3 al lado de la c\u00fapula morenista en Dos Bocas el cuarto a\u00f1o del triunfo del Morena y, entre otros, estuvo el titular de la Segob y tercero en el \u00e1nimo de los presidenciables, Ad\u00e1n Augusto L\u00f3pez Hern\u00e1ndez. El mandatario oaxaque\u00f1o concurri\u00f3 a Para\u00edso, Tabasco, a incitaci\u00f3n del presidente L\u00f3pez Obrador que inform\u00f3 que en Salina Cruz con una coquizadora se generar\u00e1n empleos para la regi\u00f3n y se establecer\u00e1n 10 parques industriales en el corredor trans\u00edstmico, por lo cual destac\u00f3 la presencia del mandatario priista. Se interpret\u00f3 tambi\u00e9n como un acercamiento partidista; por cierto que de las entidades que menos participaci\u00f3n tuvo en la construcci\u00f3n de la refiner\u00eda Olmeca fue Oaxaca, ya que la industria no es su fuerte\u2026 El empresario Carlos Slim fue motivo de reconocimiento por la participaci\u00f3n de ICA en el complejo petrolero, uno de los m\u00e1s modernos del mundo, al se\u00f1alar el presidente L\u00f3pez Obrador que \u201ces un empresario austero e institucional\u201d\u2026 Dislates del campechano \u201cAlito\u201d Moreno lo alejan de sus aspiraciones de ser candidato presidencial. Est\u00e1 extraviado y mientras encuentra la br\u00fajula hunde m\u00e1s a lo que queda su partido.<\/p>\n<p><u><a href=\"mailto:asorianocarrasco@yahoo.com\" target=\"_blank\" rel=\"noopener noreferrer\"><em>asorianocarrasco@yahoo.com<\/em><\/a><br \/>\n<em><a href=\"https:\/\/revistabrecha.com\" target=\"_blank\" rel=\"noopener noreferrer\">www.revistabrecha.com<\/a><br \/>\n<\/em><\/u><em>facebook oficial <a href=\"https:\/\/es-la.facebook.com\/RevistaBrecha.Oficial\" target=\"_blank\" rel=\"noopener\">@BrechaRevista<\/a><\/em><\/p>\n","protected":false},"excerpt":{"rendered":"<p><span style=\"color: #005497;\"><strong>\u00c1ngel Soriano<\/strong><\/span><\/p>\n","protected":false},"author":3,"featured_media":0,"comment_status":"open","ping_status":"open","sticky":false,"template":"","format":"standard","meta":{"_monsterinsights_skip_tracking":false,"_monsterinsights_sitenote_active":false,"_monsterinsights_sitenote_note":"","_monsterinsights_sitenote_category":0,"footnotes":""},"categories":[135],"tags":[85,86,43674],"class_list":["post-552179","post","type-post","status-publish","format-standard","hentry","category-angel-soriano-opinion","tag-angel-soriano","tag-desde-el-portal","tag-opinion"],"_links":{"self":[{"href":"https:\/\/www.diarioimagen.net\/index.php?rest_route=\/wp\/v2\/posts\/552179","targetHints":{"allow":["GET"]}}],"collection":[{"href":"https:\/\/www.diarioimagen.net\/index.php?rest_route=\/wp\/v2\/posts"}],"about":[{"href":"https:\/\/www.diarioimagen.net\/index.php?rest_route=\/wp\/v2\/types\/post"}],"author":[{"embeddable":true,"href":"https:\/\/www.diarioimagen.net\/index.php?rest_route=\/wp\/v2\/users\/3"}],"replies":[{"embeddable":true,"href":"https:\/\/www.diarioimagen.net\/index.php?rest_route=%2Fwp%2Fv2%2Fcomments&post=552179"}],"version-history":[{"count":0,"href":"https:\/\/www.diarioimagen.net\/index.php?rest_route=\/wp\/v2\/posts\/552179\/revisions"}],"wp:attachment":[{"href":"https:\/\/www.diarioimagen.net\/index.php?rest_route=%2Fwp%2Fv2%2Fmedia&parent=552179"}],"wp:term":[{"taxonomy":"category","embeddable":true,"href":"https:\/\/www.diarioimagen.net\/index.php?rest_route=%2Fwp%2Fv2%2Fcategories&post=552179"},{"taxonomy":"post_tag","embeddable":true,"href":"https:\/\/www.diarioimagen.net\/index.php?rest_route=%2Fwp%2Fv2%2Ftags&post=552179"}],"curies":[{"name":"wp","href":"https:\/\/api.w.org\/{rel}","templated":true}]}}