{"id":552185,"date":"2022-07-04T00:08:47","date_gmt":"2022-07-04T05:08:47","guid":{"rendered":"https:\/\/www.diarioimagen.net\/?p=552185"},"modified":"2022-07-04T00:58:19","modified_gmt":"2022-07-04T05:58:19","slug":"periodistas-victimas-de-la-violencia","status":"publish","type":"post","link":"https:\/\/www.diarioimagen.net\/?p=552185","title":{"rendered":"Periodistas, v\u00edctimas de la violencia"},"content":{"rendered":"<h2>Punto por punto<\/h2>\n<h5>Augusto Corro<\/h5>\n<p>&nbsp;<\/p>\n<p>El viernes muri\u00f3 Cynthia, hija de Antonio de la Cruz, periodista asesinado en Ciudad Victoria, Tamaulipas, el 29 de junio. La joven acompa\u00f1aba a su padre cuando fueron agredidos a balazos por motosicarios.<\/p>\n<p>Cynthia, de 23 a\u00f1os, muy grave, fue internada en el Hospital General de Ciudad Victoria, donde resultaron infructuosos los intentos para salvarle la vida.<\/p>\n<p>En la entidad mencionada, el gremio de periodistas efectu\u00f3 actos de protesta en los que se exig\u00eda justicia para el reportero de Expreso, agredido, junto a su hija, frente a su casa.<\/p>\n<p>Un grupo de periodistas se reuni\u00f3 con el titular de la Fiscal\u00eda General de Justicia de Tamaulipas, Irving Barrios, para exigirle el esclarecimiento del asesinato.<\/p>\n<p>Con este crimen, van 12 comunicadores asesinados en lo que va del a\u00f1o, en M\u00e9xico, pa\u00eds colocado en segundo lugar en violencia contra periodistas, despu\u00e9s de Ucrania, que se encuentra en guerra.<\/p>\n<p>En este 2022, la lista de comunicadores asesinados es la siguiente: Yesenia Mollinedo Falconi, Sheila Johana Garc\u00eda Olivera, Luis Enrique Ram\u00edrez, Lourdes Maldonado, Margarito Mart\u00ednez, Heber L\u00f3pez Cruz, Juan Carlos Mu\u00f1iz, Jorge Camero Zazueta, Roberto Toledo, Jos\u00e9 Luis Gamboa y Armando Linares.<\/p>\n<p>Tambi\u00e9n, el viernes pasado, la periodista Susana Carre\u00f1o, directora del noticiero de Radio Universidad en Puerto Vallarta, fue atacada a cuchilladas en t\u00f3rax y cuello por dos desconocidos.<\/p>\n<p>La comunicadora se recupera en el hospital. La agresi\u00f3n se efectu\u00f3 cuando sal\u00eda de la casa ejidal de Puerto Vallarta, Jalisco.\u00a0 Las autoridades declararon que se trat\u00f3 de un intento de robo.<\/p>\n<p>Cabe se\u00f1alar que los ataques a los periodistas y a los medios de comunicaci\u00f3n son delitos que no atienden las autoridades y los delincuentes gozan de impunidad.<\/p>\n<p>Cabe se\u00f1alar, pues, que es necesario que el gobierno en sus tres niveles: municipal, estatal y federal adopten medidas que protejan a quienes practican el periodismo.<\/p>\n<p>La mayor\u00eda de los ataques a los comunicadores ocurren en zonas donde se encuentra la espiral de violencia, con miles de acciones relacionadas con extorsiones, desapariciones de personas y asesinatos.<\/p>\n<p style=\"text-align: center;\"><strong>Ley modelo<\/strong><\/p>\n<p>El senador priista, Miguel Angel Osorio Chong, present\u00f3 la propuesta de una \u201cLey Modelo de Protecci\u00f3n a Periodistas y Personas Trabajadoras de la Prensa\u201d.<\/p>\n<p>Antes, el legislador declar\u00f3 que cada amenaza, agresi\u00f3n, censura o intimidaci\u00f3n y cada homicidio en contra de un comunicador, es un atentado en contra de todo el pa\u00eds y al Estado de Derecho.<\/p>\n<p>El legislador destac\u00f3 el enforque preventivo de la citada Ley porque el Estado se encuentra obligad a identificar contextos de riesgo y \u201cno puede, por un lado, ofrecer protecci\u00f3n y por el otro, descalificar e intimidar a las y los periodistas\u201d.<\/p>\n<p>El priista conden\u00f3 el cobarde asesinato del periodista Antonio de la Cruz. Agreg\u00f3 que se debe traducir la indignaci\u00f3n, en acciones concretas, comenzando en reconocer el enorme reto que se enfrenta y hacer equipo para superarlo.<\/p>\n<p>Tambi\u00e9n manifest\u00f3 que Am\u00e9rica Latina es la regi\u00f3n m\u00e1s peligrosa del mundo para ejercer el oficio de informar y M\u00e9xico, lamentablemente, encabeza la lista.<\/p>\n<p style=\"text-align: center;\"><strong>las cifras de asesinatos<\/strong><\/p>\n<p>El senador Osorio Chong se refiri\u00f3 a los datos de Articulo 19, en los que se se\u00f1ala que desde del a\u00f1o 2000 a la fecha, m\u00e1s de 150 periodistas han sido asesinados en nuestro pa\u00eds. Y la Secretar\u00eda de Gobernaci\u00f3n tiene registrado 55 homicidios a partir de 2019.<\/p>\n<p>Declar\u00f3 el legislador que \u201cesta realidad es inaceptable\u201d y \u201cdecir que es un problema que surgi\u00f3 en este gobierno ser\u00eda mentir, pero negar que se ha agravado en los \u00faltimos a\u00f1os, ser\u00eda tambi\u00e9n irresponsable.<\/p>\n<p>De la citada Ley, el senador destac\u00f3 las medidas de seguridad que deben facilitar y no impedir el ejercicio period\u00edstico.<\/p>\n<p>Adem\u00e1s, se identifican nuevas formas de agresiones que deben ser tomadas con igual seriedad, al referirse al acoso o intimidaci\u00f3n digital, que cada vez son m\u00e1s comunes.<\/p>\n<p>Es fundamental, dijo Osorio Chong, la no prescripci\u00f3n de los delitos de agresiones a periodistas y la investigaci\u00f3n de todo ataque o acto de violencia como uno derivado de su trabajo.<\/p>\n<p>A\u00f1adi\u00f3 que se trata de fortalecer los mecanismos de protecci\u00f3n a partir de las mejores pr\u00e1cticas internacionales y dotarlos del presupuesto necesario.<\/p>\n<p>Recalc\u00f3 que sin presupuesto se tendr\u00e1n las mismas dificultades que se han venido padeciendo\u201d.<\/p>\n<p>\u00bfUsted qu\u00e9 opina amable lector?<\/p>\n<p><a href=\"mailto:aco2742@hotmail.com\" target=\"_blank\" rel=\"noopener noreferrer\"><em>aco2742@hotmail.com<\/em><\/a><\/p>\n","protected":false},"excerpt":{"rendered":"<p><span style=\"color: #005497;\"><strong>Augusto Corro<\/strong><\/span><\/p>\n","protected":false},"author":3,"featured_media":0,"comment_status":"open","ping_status":"open","sticky":false,"template":"","format":"standard","meta":{"_monsterinsights_skip_tracking":false,"_monsterinsights_sitenote_active":false,"_monsterinsights_sitenote_note":"","_monsterinsights_sitenote_category":0,"footnotes":""},"categories":[157],"tags":[43686,43674,11515],"class_list":["post-552185","post","type-post","status-publish","format-standard","hentry","category-augusto-corro","tag-augusto-corro","tag-opinion","tag-punto-por-punto"],"_links":{"self":[{"href":"https:\/\/www.diarioimagen.net\/index.php?rest_route=\/wp\/v2\/posts\/552185","targetHints":{"allow":["GET"]}}],"collection":[{"href":"https:\/\/www.diarioimagen.net\/index.php?rest_route=\/wp\/v2\/posts"}],"about":[{"href":"https:\/\/www.diarioimagen.net\/index.php?rest_route=\/wp\/v2\/types\/post"}],"author":[{"embeddable":true,"href":"https:\/\/www.diarioimagen.net\/index.php?rest_route=\/wp\/v2\/users\/3"}],"replies":[{"embeddable":true,"href":"https:\/\/www.diarioimagen.net\/index.php?rest_route=%2Fwp%2Fv2%2Fcomments&post=552185"}],"version-history":[{"count":0,"href":"https:\/\/www.diarioimagen.net\/index.php?rest_route=\/wp\/v2\/posts\/552185\/revisions"}],"wp:attachment":[{"href":"https:\/\/www.diarioimagen.net\/index.php?rest_route=%2Fwp%2Fv2%2Fmedia&parent=552185"}],"wp:term":[{"taxonomy":"category","embeddable":true,"href":"https:\/\/www.diarioimagen.net\/index.php?rest_route=%2Fwp%2Fv2%2Fcategories&post=552185"},{"taxonomy":"post_tag","embeddable":true,"href":"https:\/\/www.diarioimagen.net\/index.php?rest_route=%2Fwp%2Fv2%2Ftags&post=552185"}],"curies":[{"name":"wp","href":"https:\/\/api.w.org\/{rel}","templated":true}]}}