{"id":552194,"date":"2022-07-04T00:08:57","date_gmt":"2022-07-04T05:08:57","guid":{"rendered":"https:\/\/www.diarioimagen.net\/?p=552194"},"modified":"2022-07-04T01:09:03","modified_gmt":"2022-07-04T06:09:03","slug":"por-el-rescate-de-lo-mexicano-barrio-pilsen-en-chicago-2","status":"publish","type":"post","link":"https:\/\/www.diarioimagen.net\/?p=552194","title":{"rendered":"Por el rescate de lo mexicano: Barrio Pilsen en Chicago"},"content":{"rendered":"<h2>Detr\u00e1s del Poder<\/h2>\n<h5>Jos\u00e9 Antonio L\u00f3pez Sosa<\/h5>\n<p>&nbsp;<\/p>\n<p>Las comunidades mexicanas en los Estados Unidos surgieron como una necesidad de defender los intereses comunes de nuestros paisanos del otro lado de la frontera all\u00e1 en la d\u00e9cada de los a\u00f1os setenta (aunque ya hab\u00eda claros movimientos con antelaci\u00f3n), en un principio sin el respaldo del gobierno de M\u00e9xico, y m\u00e1s adelante, con la inclusi\u00f3n de los consulados y el cuerpo diplom\u00e1tico.<\/p>\n<p>Particularmente en Chicago, hubo un importante movimiento denominado Chicano, es decir, de mexicano migrantes a los Estados Unidos que se encontraron con un vac\u00edo de identidad, es decir, que no eran considerados parte de la sociedad estadounidense en la Uni\u00f3n Americana y tampoco como mexicanos en nuestro pa\u00eds.<\/p>\n<p>Hay liderazgos m\u00edsticos como el de Carlos Arango, ex dirigente en el movimiento estudiantil de 1968 en M\u00e9xico, que huyendo de la persecuci\u00f3n pol\u00edtica en la \u00e9poca dorada del PRI, lleg\u00f3 a los Estados Unidos a seguir con el activismo pol\u00edtico y social, primero en Los \u00c1ngeles y luego en Chicago.<\/p>\n<p>Arango como muchos otros, logr\u00f3 consolidar una comunidad que preservara sus valores culturales y art\u00edsticos, adem\u00e1s de defender sus derechos pol\u00edticos y sociales. Hoy en d\u00eda eso es parte de la identidad en el barrio Pilsen en Chicago. Naci\u00f3 como sitio para migrantes de Europa del este en el siglo XIX, en el siglo XX, sus casas se llenaron de mexicanos y otros latinoamericanos, fue de los m\u00e1s peligrosos de la ciudad por la actividad de las pandillas y hoy, gracias al esfuerzo de Arango y muchos otros l\u00edderes comunitarios en conjunto con las autoridades de la ciudad de Chicago, es un lugar donde hay todo tipo de expresiones art\u00edsticas y culturales que van desde grandes murales reflejando la historia del barrio y la migraci\u00f3n mexicana, hasta museos, galer\u00edas y comercios que rescatan la identidad mexicana.<\/p>\n<p>Hoy d\u00eda, el barrio Pilsen es un sitio tur\u00edstico dentro de Chicago al que llegan visitantes de distintas latitudes para conocer esa otra cara de M\u00e9xico, vista desde sus inmigrantes en Illinois. El Consulado General de M\u00e9xico en Chicago, dirigido por Reyna Torres Mend\u00edvil, tiene tambi\u00e9n acercamiento y cooperaci\u00f3n con los paisanos y mexicanos de segunda y tercera generaci\u00f3n que buscan preservar su identidad al mismo tiempo que defienden sus derechos. Es un claro ejemplo de c\u00f3mo el activismo pol\u00edtico y social bien entendido, en defensa de una comunidad puede convertirse en un centro de expresi\u00f3n art\u00edstica y tambi\u00e9n, en un destino tur\u00edstico que hoy d\u00eda, la ciudad de Chicago est\u00e1 aprovechando en el buen sentido para multiplicar sus visitantes nacionales e internacionales.<\/p>\n<p style=\"text-align: center;\"><strong>Turbina humeante en avi\u00f3n de Aerom\u00e9xico<\/strong><\/p>\n<p>El vuelo 652 de Aerom\u00e9xico despeg\u00f3 de Guadalajara el martes pasado con destino a Chicago (O\u2019Hare), unos minutos despu\u00e9s apareci\u00f3 fuego en uno de sus motores, al parecer fue un ave que se impact\u00f3 en el despegue, minutos despu\u00e9s el Boeing 737 de la aerol\u00ednea volvi\u00f3 al Aeropuerto Internacional Miguel Hidalgo de Guadalajara.<\/p>\n<p>El Grupo Aeroportuario del Pac\u00edfico confirm\u00f3 que no hubo mayores incidentes, m\u00e1s all\u00e1 del susto para los pasajeros que viajaban a Chicago.<\/p>\n<p><em><a href=\"http:\/\/www.lopezsosa.com\" target=\"_blank\" rel=\"noopener\">www.lopezsosa.com<\/a><\/em><br \/>\n<em><a href=\"mailto:joseantonio@lopezsosa.com\" target=\"_blank\" rel=\"noopener\">joseantonio@lopezsosa.com<\/a><\/em><br \/>\n<em><a href=\"http:\/\/twitter.com\/joseantonio1977\" target=\"_blank\" rel=\"noopener\">@joseantonio197<\/a><\/em><\/p>\n","protected":false},"excerpt":{"rendered":"<p><span style=\"color: #005497;\"><strong>Jos\u00e9 Antonio L\u00f3pez Sosa<\/strong><\/span><\/p>\n","protected":false},"author":3,"featured_media":0,"comment_status":"open","ping_status":"open","sticky":false,"template":"","format":"standard","meta":{"_monsterinsights_skip_tracking":false,"_monsterinsights_sitenote_active":false,"_monsterinsights_sitenote_note":"","_monsterinsights_sitenote_category":0,"footnotes":""},"categories":[637],"tags":[638,43690,43674],"class_list":["post-552194","post","type-post","status-publish","format-standard","hentry","category-jose-antonio-lopez-sosa","tag-detras-del-poder","tag-jose-antonio-lopez-sosa","tag-opinion"],"_links":{"self":[{"href":"https:\/\/www.diarioimagen.net\/index.php?rest_route=\/wp\/v2\/posts\/552194","targetHints":{"allow":["GET"]}}],"collection":[{"href":"https:\/\/www.diarioimagen.net\/index.php?rest_route=\/wp\/v2\/posts"}],"about":[{"href":"https:\/\/www.diarioimagen.net\/index.php?rest_route=\/wp\/v2\/types\/post"}],"author":[{"embeddable":true,"href":"https:\/\/www.diarioimagen.net\/index.php?rest_route=\/wp\/v2\/users\/3"}],"replies":[{"embeddable":true,"href":"https:\/\/www.diarioimagen.net\/index.php?rest_route=%2Fwp%2Fv2%2Fcomments&post=552194"}],"version-history":[{"count":0,"href":"https:\/\/www.diarioimagen.net\/index.php?rest_route=\/wp\/v2\/posts\/552194\/revisions"}],"wp:attachment":[{"href":"https:\/\/www.diarioimagen.net\/index.php?rest_route=%2Fwp%2Fv2%2Fmedia&parent=552194"}],"wp:term":[{"taxonomy":"category","embeddable":true,"href":"https:\/\/www.diarioimagen.net\/index.php?rest_route=%2Fwp%2Fv2%2Fcategories&post=552194"},{"taxonomy":"post_tag","embeddable":true,"href":"https:\/\/www.diarioimagen.net\/index.php?rest_route=%2Fwp%2Fv2%2Ftags&post=552194"}],"curies":[{"name":"wp","href":"https:\/\/api.w.org\/{rel}","templated":true}]}}