{"id":552198,"date":"2022-07-04T00:09:01","date_gmt":"2022-07-04T05:09:01","guid":{"rendered":"https:\/\/www.diarioimagen.net\/?p=552198"},"modified":"2022-07-04T01:11:50","modified_gmt":"2022-07-04T06:11:50","slug":"se-los-dije-sera-adan-augusto-el-ungido-por-palacio","status":"publish","type":"post","link":"https:\/\/www.diarioimagen.net\/?p=552198","title":{"rendered":"Se los dije, ser\u00e1 Ad\u00e1n Augusto el ungido por Palacio"},"content":{"rendered":"<h2>Poder y dinero<\/h2>\n<h5>V\u00edctor S\u00e1nchez Ba\u00f1os<\/h5>\n<p>&nbsp;<\/p>\n<ul>\n<li><em><strong>\u201cLos L\u00f3pez\u201d, herencia presidencial<\/strong><\/em><\/li>\n<li><em><strong>C\u00e9sar Y\u00e1\u00f1ez es la se\u00f1al que manda AMLO<\/strong><\/em><\/li>\n<li><em><strong>No llega a cortar cabezas<\/strong><\/em><\/li>\n<li><em><strong>Llega a fortalecer la imagen del tabasque\u00f1o<\/strong><\/em><\/li>\n<li><em><strong>Prioridad, la imagen del titular de Gobernaci\u00f3n<\/strong><\/em><\/li>\n<li><em><strong>La continuidad de la 4T, asegurada<\/strong><\/em><\/li>\n<li><em><strong>Semarnat frena parque solar a Audi en Puebla<\/strong><\/em><\/li>\n<li><em><strong>Los mejores 4 gobernadores 4 panistas<\/strong><\/em><\/li>\n<li><em><strong>Provident, RSC<\/strong><\/em><\/li>\n<\/ul>\n<p>&nbsp;<\/p>\n<p style=\"text-align: right;\"><em>Acusar a los dem\u00e1s de los infortunios propios es un signo de falta de educaci\u00f3n.<br \/>\nAcusarse a uno mismo, demuestra que la educaci\u00f3n ha comenzado<br \/>\n<\/em><strong>Epicteto de Frigia<\/strong> (55-135), fil\u00f3sofo grecolatino<\/p>\n<p>&nbsp;<\/p>\n<p>En nuestra colaboraci\u00f3n del 25 de junio, les mencion\u00e9: \u201cNo se hagan bolas, el dedazo ser\u00e1 Ad\u00e1n Augusto\u201d<\/p>\n<p>Hice, adem\u00e1s, varias referencias al \u201ctapadismo\u201d y el destapador de corcholatas. AMLO enga\u00f1a con la verdad, pero&#8230; \u00a0Ya eligi\u00f3 al que ser\u00e1 ungido por Morena; antecedentes y se\u00f1ales presidenciales; Ni Claudia, ni Marcelo, ni Ricardo; Sheinbaum, el plan B, de los \u201camigos\u201d; El agarr\u00f3n, el tiro, \u00bfpor la culata?; Antecedentes hist\u00f3ricos de la sucesi\u00f3n y \u201cdedazo\u201d; Sigue la tradici\u00f3n del PRI en Morena.<\/p>\n<p>Hable de lo que hac\u00edan para nombrar a su sucesor algunos ex presidentes mexicanos. Incluso nos referimos al divisionismo que empieza a gestarse en el seno de Morena, debido a que se formaron grupos en favor de Claudia Sheinbaum, el m\u00e1s numeroso; con Marcelo Ebrard, muy cercano en n\u00famero a la jefa de Gobierno; el del secretario de Gobernaci\u00f3n, Ad\u00e1n Augusto L\u00f3pez y, al final de la fila, Ricardo Monreal, el l\u00edder de Morena en el Senado.<\/p>\n<p>La guerra no ser\u00e1 min\u00fascula entre esas fracciones. Al final de cuentas los que ganen no voltear\u00e1n a ver a los perdedores y simplemente, si es que hay alg\u00fan acuerdo, les dar\u00e1n un premio de consolaci\u00f3n.<\/p>\n<p>Los paralelismos en la sucesi\u00f3n, es caracter\u00edstica de los \u201cL\u00f3pez\u201d. Adolfo L\u00f3pez Mateos y Jos\u00e9 L\u00f3pez Portillo, pero con ense\u00f1anzas de Gustavo D\u00edaz Ordaz, Luis Echeverr\u00eda \u00c1lvarez, Miguel Alem\u00e1n, Manuel \u00c1vila Camacho, el Tata L\u00e1zaro C\u00e1rdenas y Adolfo Ruiz Cortines.<\/p>\n<p>Todos dejaron a su sucesor, amparados por una infraestructura pol\u00edtica que ellos manejaron a su antojo, en el Partido Revolucionario Institucional; el PRI, pues.<\/p>\n<p>Todos, incluso AMLO, son priistas en el fondo de ADN. No operaron, ni operar\u00e1n, de manera diferente a los que su gen\u00e9tica tricolor maneja. As\u00ed es y as\u00ed ser\u00e1n, con los que nacieron, se formaron y gobiernan bajo las siglas priistas.<\/p>\n<p>Ahora bien, lo \u00fanico que queda claro es la forma de actuar y manejar la pol\u00edtica que nos afectar\u00e1, a los 127 millones de mexicanos. Las decisiones de nuestros gobernantes pueden hundirnos en la miseria, a\u00fan m\u00e1s, o simplemente dejarnos en la mediocridad que hoy mantenemos.<\/p>\n<p><strong>Por qu\u00e9 Ad\u00e1n Augusto<\/strong><\/p>\n<p>Ya te platiqu\u00e9 los motivos por los cuales se ve al titular de Gobernaci\u00f3n como la carta, que si hoy fuera la elecci\u00f3n del candidato de Morena a la Presidencia de la Rep\u00fablica, saldr\u00eda el rostro de Ad\u00e1n Augusto L\u00f3pez Hern\u00e1ndez. El aut\u00e9ntico carnal del presidente L\u00f3pez Obrador.<\/p>\n<p>Pero, se suman m\u00e1s se\u00f1ales. C\u00e9sar Y\u00e1\u00f1ez, el fiel colaborador de AMLO desde hace m\u00e1s de 20 a\u00f1os, nunca ha dejado de estar cerca del l\u00edder del Ejecutivo.<\/p>\n<p>Al sacarlo de una oficina sin importancia, luego de marginarlo a \u00e9l como a su hermana de puestos pol\u00edticos clave (en Tlaxcala), es la se\u00f1al para apuntar en favor de L\u00f3pez Hern\u00e1ndez, para la candidatura presidencial.<\/p>\n<p>La especialidad de Y\u00e1\u00f1ez, es la comunicaci\u00f3n y le fue muy eficiente desde su paso por la Jefatura de Gobierno de la CDMX, en ese entonces Distrito Federal; y despu\u00e9s en el gobierno paralelo y al inicio del sexenio en comunicaci\u00f3n social de Presidencia.<\/p>\n<p>El cuidado que le da AMLO a la figura de AALH, es singular. Sus \u201ccorcholatas\u201d no dejan de tener un sitio en el coraz\u00f3n del Presidente, pero hay alguien que ocupa su confianza, lealtad y lazos casi familiares. Ah\u00ed se los dejo de tarea, como dir\u00eda L\u00f3pez Obrador.<\/p>\n<p style=\"text-align: center;\"><strong>PODEROSOS CABALLEROS<\/strong><\/p>\n<p><strong>IMPIDE 4T PARQUE SOLAR A AUDI EN PUEBLA:<\/strong> La Semarnat, de Mar\u00eda Luis Albores, neg\u00f3 la Manifestaci\u00f3n de Impacto Ambiental del proyecto del Parque Solar en Puebla a Audi M\u00e9xico. Rechaz\u00f3 el tr\u00e1mite porque la solicitud de dicho tr\u00e1mite se present\u00f3 en la modalidad regional y no particular. El proyecto de la armadora alemana consiste en una planta de generaci\u00f3n de energ\u00eda el\u00e9ctrica mediante la conversi\u00f3n fotovoltaica, que se planea desarrollar dentro de los terrenos de Audi M\u00e9xico, a un kil\u00f3metro al sur de San Jos\u00e9 de Chilapa. Semarnat, a trav\u00e9s de la Direcci\u00f3n General de Impacto y Riesgo Ambiental, detall\u00f3 que este tipo de proyectos requieren, desde su concepci\u00f3n inicial, el establecimiento de la propia central, de la subestaci\u00f3n el\u00e9ctrica y de las l\u00edneas de transmisi\u00f3n internas. Un proyecto ecol\u00f3gico que es rechazado por la autoridad ecol\u00f3gica a la empresa que preside Tarek Mashhour.<\/p>\n<p><strong>PANISTAS, GOBERNADORES DE MAYOR APROBACI\u00d3N:<\/strong> Masive Caller, empresa de encuestas, dio a conocer que los gobernadores panistas, Mauricio Villa, de Yucat\u00e1n (63%); Carlos Joaqu\u00edn, de Quintana Roo (57%); Diego Sinhue Rodr\u00edguez, de Guanajuato (55%); Mauricio Kuri, de Quer\u00e9taro (55%), tienen el m\u00e1s alto nivel de aprobaci\u00f3n. Les siguen Marina del Pilar \u00c1vila, de BC (53%); Alejandro Murat, de Oaxaca (50%). Todos los dem\u00e1s est\u00e1n por debajo de la mitad de simpat\u00edas en sus estados. Cuatro panistas, una de Morena y un priista. As\u00ed se perfilan para la Presidencial de 2024.<\/p>\n<p style=\"text-align: center;\"><strong>RESPONSABILIDAD SOCIAL CORPORATIVA<\/strong><\/p>\n<p><strong>PROVIDENT:<\/strong> Provident M\u00e9xico, liderado por David Parkinson, recibi\u00f3 por d\u00e9cimo s\u00e9ptima ocasi\u00f3n consecutiva, el distintivo ESR que otorga el Centro Mexicano para la Filantrop\u00eda, por las acciones que opera en tres l\u00edneas de acci\u00f3n: Educaci\u00f3n, Comunidad y Medio Ambiente. La microfinanciera llev\u00f3 a cabo por cuarta ocasi\u00f3n el \u201cMes Internacional del Voluntariado\u201d, evento que a\u00f1o con a\u00f1o le permite involucrar a sus colaboradores en diversas actividades en beneficio de las comunidades en las que tiene presencia y que se enmarca en su programa de Responsabilidad Social Corporativa \u201cJuntos Cuidamos\u201d.<\/p>\n<p><em><a href=\"mailto:vsb@poderydinero.mx\" target=\"_blank\" rel=\"noopener noreferrer\">vsb@poderydinero.mx<\/a><\/em><br \/>\n<em><a href=\"https:\/\/twitter.com\/vsanchezbanos\" target=\"_blank\" rel=\"noopener noreferrer\">@vsanchezbanos<br \/>\n<\/a><\/em><em><a href=\"http:\/\/poderydinero.mx\/\" target=\"_blank\" rel=\"noopener\">poderydinero.mx<\/a><\/em><\/p>\n","protected":false},"excerpt":{"rendered":"<p><span style=\"color: #005497;\"><strong>V\u00edctor S\u00e1nchez Ba\u00f1os<\/strong><\/span><\/p>\n","protected":false},"author":3,"featured_media":0,"comment_status":"open","ping_status":"open","sticky":false,"template":"","format":"standard","meta":{"_monsterinsights_skip_tracking":false,"_monsterinsights_sitenote_active":false,"_monsterinsights_sitenote_note":"","_monsterinsights_sitenote_category":0,"footnotes":""},"categories":[38844],"tags":[43674,38847,38848],"class_list":["post-552198","post","type-post","status-publish","format-standard","hentry","category-victor-sanchez-banos","tag-opinion","tag-poder-y-dinero","tag-victor-sanchez-banos"],"_links":{"self":[{"href":"https:\/\/www.diarioimagen.net\/index.php?rest_route=\/wp\/v2\/posts\/552198","targetHints":{"allow":["GET"]}}],"collection":[{"href":"https:\/\/www.diarioimagen.net\/index.php?rest_route=\/wp\/v2\/posts"}],"about":[{"href":"https:\/\/www.diarioimagen.net\/index.php?rest_route=\/wp\/v2\/types\/post"}],"author":[{"embeddable":true,"href":"https:\/\/www.diarioimagen.net\/index.php?rest_route=\/wp\/v2\/users\/3"}],"replies":[{"embeddable":true,"href":"https:\/\/www.diarioimagen.net\/index.php?rest_route=%2Fwp%2Fv2%2Fcomments&post=552198"}],"version-history":[{"count":0,"href":"https:\/\/www.diarioimagen.net\/index.php?rest_route=\/wp\/v2\/posts\/552198\/revisions"}],"wp:attachment":[{"href":"https:\/\/www.diarioimagen.net\/index.php?rest_route=%2Fwp%2Fv2%2Fmedia&parent=552198"}],"wp:term":[{"taxonomy":"category","embeddable":true,"href":"https:\/\/www.diarioimagen.net\/index.php?rest_route=%2Fwp%2Fv2%2Fcategories&post=552198"},{"taxonomy":"post_tag","embeddable":true,"href":"https:\/\/www.diarioimagen.net\/index.php?rest_route=%2Fwp%2Fv2%2Ftags&post=552198"}],"curies":[{"name":"wp","href":"https:\/\/api.w.org\/{rel}","templated":true}]}}