{"id":552260,"date":"2022-07-05T00:02:41","date_gmt":"2022-07-05T05:02:41","guid":{"rendered":"https:\/\/www.diarioimagen.net\/?p=552260"},"modified":"2022-07-05T01:37:12","modified_gmt":"2022-07-05T06:37:12","slug":"alejandro-moreno-iniciara-una-gira-internacional-para-denunciar-a-amlo","status":"publish","type":"post","link":"https:\/\/www.diarioimagen.net\/?p=552260","title":{"rendered":"Alejandro Moreno iniciar\u00e1 una gira internacional para denunciar a AMLO"},"content":{"rendered":"<h2>La Retaguardia<\/h2>\n<h5>Adriana Moreno Cordero<\/h5>\n<p>&nbsp;<\/p>\n<ul>\n<li><strong><em>L\u00f3pez Obrador y Layda Sansores arman \u201cshow medi\u00e1tico\u201d contra \u201cAlito\u201d<\/em><\/strong><\/li>\n<\/ul>\n<p>&nbsp;<\/p>\n<p>Para quien o quienes intenten negarlo, la historia empez\u00f3 en una fecha emblem\u00e1tica: Domingo de Resurrecci\u00f3n, en la noche, en el sal\u00f3n de plenos del Palacio Legislativo de San L\u00e1zaro, cuando la bancada de Morena que coordina <strong>Ignacio Mier<\/strong> y las r\u00e9moras del partido oficial recibieron un balde de agua helada porque la oposici\u00f3n, \u2014aglutinada en la coalici\u00f3n Va por M\u00e9xico\u2014, no aprob\u00f3 la reforma el\u00e9ctrica enviada por el presidente <strong>Andr\u00e9s Manuel L\u00f3pez Obrador<\/strong>, s\u00ed, esa al que el de Tepetit\u00e1n no quer\u00eda que le cambiaran ni una coma y as\u00ed, por m\u00e1s esfuerzos que hicieron el diputado Mier Velazco y el presidente de la Mesa Directiva de la C\u00e1mara Baja, <strong>Sergio \u201cGutierritos\u201d Gutierrez<\/strong>, de plano los dejaron con un palmo en las narices.<\/p>\n<p>Desde entonces, los legisladores del partido oficial y dem\u00e1s huestes, se dedicaron a emprender una persecuci\u00f3n y hostigamiento en contra de los diputados del bloque opositor que hab\u00edan tenido la osad\u00eda de ir en contra de los deseos del inquilino de Palacio Nacional. Como se recordar\u00e1, el coordinador morenista en San L\u00e1zaro, que por cierto se llev\u00f3 una buena rega\u00f1ada por parte del tabasque\u00f1o, se invent\u00f3 aquello del \u201cpared\u00f3n pac\u00edfico\u201d por el que deber\u00edan de pasar, -simb\u00f3licamente, claro-, los diputados de la oposici\u00f3n.<\/p>\n<p>El l\u00edder nacional de Morena, <strong>Mario Mart\u00edn Delgado,<\/strong> as\u00ed como su distinguida secretaria general, <strong>Citlalli Hern\u00e1ndez<\/strong>, se cansaron de pedir juicio pol\u00edtico en contra de dichos legisladores de la oposici\u00f3n.<\/p>\n<p>El tiempo ha pasado y como los de Morena y compa\u00f1\u00eda ya saben que tampoco les aprobar\u00e1n en la C\u00e1mara de Diputados la controvertida reforma electoral que se ha armado L\u00f3pez Obrador para acabar con el INE, pues han endurecido sus acciones persecutorias, especialmente en contra del l\u00edder nacional del PRI, <strong>Alejandro Moreno C\u00e1rdenas<\/strong>, quien luego del cateo a su casa que llev\u00f3 a cabo la Fiscal\u00eda campechana, ofreci\u00f3 una conferencia de prensa en la sede del PRI para anunciar que inici\u00f3 una gira para denunciar al presidente L\u00f3pez Obrador, al ante la ONU, la OEA, la Comisi\u00f3n Interamericana de Derechos Humanos, la Comunidad Europea; la Internacional Socialista y ante la COPPPAL, organizaci\u00f3n internacional conformada por 70 partidos de 30 pa\u00edses.<\/p>\n<p>\u201cVamos a denunciar lo que est\u00e1 ocurriendo\u201d y hasta el tema de la famos\u00edsima \u201ccasa gris\u201d que hizo tan famoso a <strong>Jos\u00e9 Ram\u00f3n L\u00f3pez Beltr\u00e1n<\/strong> est\u00e1 incluido. El l\u00edder pri\u00edsta agreg\u00f3 \u201cno podemos permitir que en este pa\u00eds siga sucediendo la autocensura\u201d y acus\u00f3 que lo que pretende esta errada y llamada Cuarta Transformaci\u00f3n, es una campa\u00f1a de odio y desprestigio en contra de todo aquel que no le \u201cqueme incienso\u201d al inquilino de Palacio Nacional.<\/p>\n<p>Y qu\u00e9 casualidad, ayer mismo, 40 agentes de la Fiscal\u00eda estatal de Campeche, que encabeza <strong>Renato Sales Heredia<\/strong>, al servicio totalmente de la gobernadora del estado, <strong>Layda Sansores<\/strong>, al filo de las cinco y media de la ma\u00f1ana, realizaron un cateo a su casa de Campeche que fue todo un \u201cshow medi\u00e1tico\u201d, pero sobre todo, una acci\u00f3n totalmente ilegal, respaldada por la Fiscal\u00eda estatal.<\/p>\n<p>\u201cEs grotesco lo que est\u00e1n haciendo, ni el hampa hace eso\u201d y se\u00f1al\u00f3 el campechano que L\u00f3pez Obrador sabe perfectamente lo que pas\u00f3 pero \u201ces de los que le gusta tirar la piedra y esconder la mano\u201d.<\/p>\n<p>Evidentemente no puede ser una casualidad que siempre que el dirigente priista habla, esta errada y llamada Cuarta Transformaci\u00f3n, de plano, se van sobre de \u00e9l, pues ya est\u00e1 m\u00e1s que anunciado que la flamante y refinada gobernadora, hoy, en su gustad\u00edsimo \u201cstand-up\u201d nocturno conocido como el \u201cMartes del jaguar\u201d, va a filtrar m\u00e1s grabaciones de llamadas de Moreno C\u00e1rdenas. \u00bfIr\u00e1 a rapear y a hacer malos chistes la mandataria estatal como lo hizo la semana pasada con cargo a los campechanos?<\/p>\n<p>Por otra parte, en repetidas ocasiones a lo largo de la conferencia de prensa, Moreno C\u00e1rdenas anunci\u00f3 que la coalici\u00f3n Va por M\u00e9xico ganar\u00e1 las elecciones del a\u00f1o entrante en Coahuila y Estado de M\u00e9xico y anunci\u00f3 que para el 2024 ir\u00e1n, denunci\u00f3 que el clima que prevalece en esta errada y llamada Cuarta Transformaci\u00f3n, es el del silencio, \u201cnadie quiere hablar y eso es el inicio de la dictadura\u201d, por lo que es necesario levantar la voz\u00a0 para defender a la democracia.<\/p>\n<p>Finalmente, y sobre los expresidentes del PRI, encabezados por el senador <strong>Miguel Angel Osorio Chong<\/strong>, que le han venido solicitando m\u00e1s reuniones, el l\u00edder tricolor subray\u00f3 que a cada uno de ellos los recibir\u00e1, si lo solicitan, pero si van en bloque, pues para escucharlos est\u00e1 el Consejo Pol\u00edtico Nacional.<\/p>\n<p>Y por cierto, qu\u00e9 feo, pero de veras qu\u00e9 feo canta el coordinador de la bancada del PRI en el Senado de la Rep\u00fablica. Seg\u00fan \u00e9l, imita a <strong>Manuel Mijares<\/strong>, pero de plano no le sale. En vez de cantar, grita, as\u00ed como cuando pide a voz en cuello la salida de \u201cAlito\u201d de la presidencia del CEN del Revolucionario Institucional. Mejor deber\u00eda el ex gobernador de Hidalgo, dedicarse a otra cosa.<\/p>\n<p style=\"text-align: center;\"><strong>Municiones<\/strong><\/p>\n<p>*** Tibia y muy mala la respuesta que dio ni m\u00e1s ni menos que el l\u00edder de Morena, Mario Delgado. pues al referirse al ilegal montaje del cateo de la casa de Alejandro Moreno, dijo que no hay motivaci\u00f3n pol\u00edtica detr\u00e1s de este hecho porque las fiscal\u00edas son independientes. Esa, ni \u00e9l se la cre\u00e9.<\/p>\n<p>*** En otra de las \u201cperlas\u201d que nos regala casi a diario la Jefa de Gobierno de la Ciudad de M\u00e9xico, <strong>Claudia Sheinbaum<\/strong>, respecto al corto circuito que se registr\u00f3 la ma\u00f1ana de ayer entre las estaciones Xola y Villa de Cort\u00e9s, dijo que no hay que descartar un posible sabotaje, o sea, \u201cuna mano negra\u201d. Vaya manera que ha encontrado la funcionaria capitalina para intentar cubrir o justificar su total y absoluta ineptitud. No cabe duda que la sombra de la tragedia de la L\u00ednea 12 del Metro la persigue. Hay que esperar s\u00f3lo un poco, pues la semana que entra, se cerrar\u00e1n un n\u00famero importante de estaciones de la L\u00ednea Uno del Metro, \u2014de Pantitl\u00e1n a Salto del Agua\u2014, y con eso se demostrar\u00e1 que la jefa de Gobierno no tiene la capacidad para lidiar con el caos que se va a ocasionar, porque no habr\u00e1 transporte que alcance para cubrir el cierre. Entonces, \u00bfLa se\u00f1ora Sheinbaum tambi\u00e9n va a acusar sabotaje?<\/p>\n<p>*** Pues muy querido dice ser el flamante diputado del PT, <strong>Gerardo Fern\u00e1ndez Noro\u00f1a,<\/strong> por el inquilino de Palacio Nacional, pero lo cierto es que lo hicieron a un lado y est\u00e1 visto que esta errada y llamada Cuarta Transformaci\u00f3n no guarda las formas ni con los suyos. Primero, al controvertido legislador petista, lo invitaron a la \u201cinauguraci\u00f3n\u201d de la primera etapa de la refiner\u00eda que no refina, la de Dos Bocas, y ya al cuarto para las doce, pues nada, que le cancelan la invitaci\u00f3n sin ninguna explicaci\u00f3n de por medio. Fern\u00e1ndez Noro\u00f1a se quej\u00f3 amargamente porque no lo quieren incluir en el club de las \u201ccorcholatas y corcholatos\u201d. \u00a1Qu\u00e9 tal!<\/p>\n<p><u><a href=\"mailto:morcora@gmail.com\" target=\"_blank\" rel=\"noopener noreferrer\"><em>morcora@gmail.com<\/em><\/a><\/u><\/p>\n","protected":false},"excerpt":{"rendered":"<p><span style=\"color: #005497;\"><strong>Adriana Moreno Cordero<\/strong><\/span><\/p>\n","protected":false},"author":3,"featured_media":0,"comment_status":"open","ping_status":"open","sticky":false,"template":"","format":"standard","meta":{"_monsterinsights_skip_tracking":false,"_monsterinsights_sitenote_active":false,"_monsterinsights_sitenote_note":"","_monsterinsights_sitenote_category":0,"footnotes":""},"categories":[69370],"tags":[69369,69368,43674],"class_list":["post-552260","post","type-post","status-publish","format-standard","hentry","category-adriana-moreno-cordero","tag-adriana-moreno-cordero","tag-la-retaguardia","tag-opinion"],"_links":{"self":[{"href":"https:\/\/www.diarioimagen.net\/index.php?rest_route=\/wp\/v2\/posts\/552260","targetHints":{"allow":["GET"]}}],"collection":[{"href":"https:\/\/www.diarioimagen.net\/index.php?rest_route=\/wp\/v2\/posts"}],"about":[{"href":"https:\/\/www.diarioimagen.net\/index.php?rest_route=\/wp\/v2\/types\/post"}],"author":[{"embeddable":true,"href":"https:\/\/www.diarioimagen.net\/index.php?rest_route=\/wp\/v2\/users\/3"}],"replies":[{"embeddable":true,"href":"https:\/\/www.diarioimagen.net\/index.php?rest_route=%2Fwp%2Fv2%2Fcomments&post=552260"}],"version-history":[{"count":0,"href":"https:\/\/www.diarioimagen.net\/index.php?rest_route=\/wp\/v2\/posts\/552260\/revisions"}],"wp:attachment":[{"href":"https:\/\/www.diarioimagen.net\/index.php?rest_route=%2Fwp%2Fv2%2Fmedia&parent=552260"}],"wp:term":[{"taxonomy":"category","embeddable":true,"href":"https:\/\/www.diarioimagen.net\/index.php?rest_route=%2Fwp%2Fv2%2Fcategories&post=552260"},{"taxonomy":"post_tag","embeddable":true,"href":"https:\/\/www.diarioimagen.net\/index.php?rest_route=%2Fwp%2Fv2%2Ftags&post=552260"}],"curies":[{"name":"wp","href":"https:\/\/api.w.org\/{rel}","templated":true}]}}