{"id":552270,"date":"2022-07-05T00:01:43","date_gmt":"2022-07-05T05:01:43","guid":{"rendered":"https:\/\/www.diarioimagen.net\/?p=552270"},"modified":"2022-07-05T04:16:18","modified_gmt":"2022-07-05T09:16:18","slug":"florencia-serrania-ex-directora-del-metro-debera-comparecer","status":"publish","type":"post","link":"https:\/\/www.diarioimagen.net\/?p=552270","title":{"rendered":"Florencia Serran\u00eda, ex directora del Metro, deber\u00e1 comparecer"},"content":{"rendered":"<p>&nbsp;<\/p>\n<ul>\n<li><strong><em>Por colapso de L\u00ednea 12, hace m\u00e1s de un a\u00f1o<\/em><\/strong><\/li>\n<\/ul>\n<p>&nbsp;<\/p>\n<div id=\"attachment_552400\" style=\"width: 470px\" class=\"wp-caption aligncenter\"><img loading=\"lazy\" decoding=\"async\" aria-describedby=\"caption-attachment-552400\" class=\"size-full wp-image-552400\" src=\"https:\/\/www.diarioimagen.net\/wp-content\/uploads\/2022\/07\/CASO-LINEA-12.jpg\" alt=\"\" width=\"460\" height=\"270\" \/><p id=\"caption-attachment-552400\" class=\"wp-caption-text\">Florencia Serran\u00eda, ex directora del Metro, deber\u00e1 comparecer por el colapso de la L\u00ednea 12, por orden del Poder Judicial de la Ciudad de M\u00e9xico.<\/p><\/div>\n<p>&nbsp;<\/p>\n<p>Por primera vez, deber\u00e1 comparecer ante la Fiscal\u00eda de la Ciudad de M\u00e9xico la ex directora del Sistema de Transporte Colectivo Metroz (STC), Florencia Serran\u00eda, quien renunci\u00f3 a su cargo dos meses despu\u00e9s del siniestro en la L\u00ednea 12, que provoc\u00f3 la muerte de 26 personas y dej\u00f3 casi un centenar de heridos,<\/p>\n<p>La Fiscal\u00eda General de Justicia (FGJ) capitalina deber\u00e1 citar a la ex funcionaria ante un Ministerio P\u00fablico, por orden de un Juez de Control, a solicitud del abogado Te\u00f3filo Ben\u00edtez Granados, quien representa a 13 v\u00edctimas y sus familias.<\/p>\n<p>Junto a Serran\u00eda, la Fiscal\u00eda deber\u00e1 convocar a rendir su declaraci\u00f3n a los ex directores del Metro Joel Ortega Cuevas y Jorge Gavi\u00f1o. Tambi\u00e9n a \u00d3scar D\u00edaz Gonz\u00e1lez Palomas, el actual Secretario de Obras, quien fue director general de Mantenimiento del Metro, y a Jes\u00fas Antonio Esteva Medina, secretario de Obras.<\/p>\n<p>La decisi\u00f3n del Juez de Control de la Segunda Sala de la Unidad de Gesti\u00f3n Judicial 7 busca que los funcionarios y ex funcionarios proporcionen la informaci\u00f3n que tienen sobre la operatividad y mantenimiento de la \u2018L\u00ednea Dorada\u2019, a m\u00e1s de uno a\u00f1o de \u00f1a tragedia.<\/p>\n<p>\u201cCuando algunos pensaban que esto estaba por terminar, la reclamaci\u00f3n por hacer justicia dio un vuelco en la historia y ahora conoceremos, sin que nadie los proteja, sus dichos reales de la tragedia ocurrida la noche del 3 de mayo de 2021. No habr\u00e1 explicaciones de funcionarios que protejan los intereses de autoridades que estuvieron a cargo de esa l\u00ednea y de los que actualmente la operan\u201d, indic\u00f3 Te\u00f3filo Jim\u00e9nez en un comunicado.<\/p>\n<p>A 14 meses del siniestro ocurrido el 3 de mayo de 2021 entre las estaciones Olivos y Tezonco, ninguno de los funcionarios que s\u00ed han sido citados ante el Poder Judicial por su presunta responsabilidad \u2013entre los que destaca Enrique Horcasitas, ex director de Proyecto Metro\u2013 ha sido imputado.<\/p>\n","protected":false},"excerpt":{"rendered":"<p>Por primera vez, deber\u00e1 comparecer ante la Fiscal\u00eda de la Ciudad de M\u00e9xico la ex directora del Sistema de Transporte Colectivo Metroz (STC), Florencia Serran\u00eda, quien renunci\u00f3 a su cargo dos meses despu\u00e9s del siniestro en la L\u00ednea 12, que provoc\u00f3 la muerte de 26 personas y dej\u00f3 casi un centenar de heridos,<\/p>\n","protected":false},"author":3,"featured_media":552400,"comment_status":"open","ping_status":"open","sticky":false,"template":"","format":"standard","meta":{"_monsterinsights_skip_tracking":false,"_monsterinsights_sitenote_active":false,"_monsterinsights_sitenote_note":"","_monsterinsights_sitenote_category":0,"footnotes":""},"categories":[6],"tags":[66492,95900,93253],"class_list":["post-552270","post","type-post","status-publish","format-standard","has-post-thumbnail","hentry","category-cd-de-mexico","tag-comparecencia","tag-fiscalia-de-la-ciudad-de-mexico","tag-florencia-serrania"],"_links":{"self":[{"href":"https:\/\/www.diarioimagen.net\/index.php?rest_route=\/wp\/v2\/posts\/552270","targetHints":{"allow":["GET"]}}],"collection":[{"href":"https:\/\/www.diarioimagen.net\/index.php?rest_route=\/wp\/v2\/posts"}],"about":[{"href":"https:\/\/www.diarioimagen.net\/index.php?rest_route=\/wp\/v2\/types\/post"}],"author":[{"embeddable":true,"href":"https:\/\/www.diarioimagen.net\/index.php?rest_route=\/wp\/v2\/users\/3"}],"replies":[{"embeddable":true,"href":"https:\/\/www.diarioimagen.net\/index.php?rest_route=%2Fwp%2Fv2%2Fcomments&post=552270"}],"version-history":[{"count":0,"href":"https:\/\/www.diarioimagen.net\/index.php?rest_route=\/wp\/v2\/posts\/552270\/revisions"}],"wp:featuredmedia":[{"embeddable":true,"href":"https:\/\/www.diarioimagen.net\/index.php?rest_route=\/wp\/v2\/media\/552400"}],"wp:attachment":[{"href":"https:\/\/www.diarioimagen.net\/index.php?rest_route=%2Fwp%2Fv2%2Fmedia&parent=552270"}],"wp:term":[{"taxonomy":"category","embeddable":true,"href":"https:\/\/www.diarioimagen.net\/index.php?rest_route=%2Fwp%2Fv2%2Fcategories&post=552270"},{"taxonomy":"post_tag","embeddable":true,"href":"https:\/\/www.diarioimagen.net\/index.php?rest_route=%2Fwp%2Fv2%2Ftags&post=552270"}],"curies":[{"name":"wp","href":"https:\/\/api.w.org\/{rel}","templated":true}]}}