{"id":552275,"date":"2022-07-05T00:06:16","date_gmt":"2022-07-05T05:06:16","guid":{"rendered":"https:\/\/www.diarioimagen.net\/?p=552275"},"modified":"2022-07-06T02:57:12","modified_gmt":"2022-07-06T07:57:12","slug":"ganan-universitarias-uaemex-segundo-lugar-nacional-en-concurso-de-infonavit","status":"publish","type":"post","link":"https:\/\/www.diarioimagen.net\/?p=552275","title":{"rendered":"Ganan universitarias UAEM\u00e9x segundo lugar nacional en concurso de Infonavit"},"content":{"rendered":"<p><em>\u00a0<\/em><\/p>\n<ul>\n<li><strong><em>Presentaron el ensayo \u201cAccesibilidad de Cr\u00e9dito Infonavit a las mujeres de M\u00e9xico. An\u00e1lisis de autocorrelaci\u00f3n espacial\u201d<\/em><\/strong><\/li>\n<\/ul>\n<p><strong>\u00a0<\/strong><\/p>\n<div id=\"attachment_552367\" style=\"width: 470px\" class=\"wp-caption aligncenter\"><img loading=\"lazy\" decoding=\"async\" aria-describedby=\"caption-attachment-552367\" class=\"size-full wp-image-552367\" src=\"https:\/\/www.diarioimagen.net\/wp-content\/uploads\/2022\/07\/uaem-3.jpg\" alt=\"\" width=\"460\" height=\"270\" \/><p id=\"caption-attachment-552367\" class=\"wp-caption-text\">Las estudiantes de la UAEM\u00e9x Ver\u00f3nica Ivette Hern\u00e1ndez Ballesteros, Jocelin Ximena Molina Bustamante y Daniela S\u00e1nchez Rosales, asesoradas por el investigador Leobardo de Jes\u00fas Almonte ganaron el segundo lugar nacional en el Premio de Econom\u00eda Infonavit 2021.<\/p><\/div>\n<p>&nbsp;<\/p>\n<p><strong>Toluca, Estado de M\u00e9xico<\/strong>.\u2014 Con el ensayo \u201cAccesibilidad de Cr\u00e9dito Infonavit a las mujeres de M\u00e9xico. An\u00e1lisis de autocorrelaci\u00f3n espacial\u201d, las estudiantes de la Facultad de Econom\u00eda de la Universidad Aut\u00f3noma del Estado de M\u00e9xico (UAEM\u00e9x), Ver\u00f3nica Ivette Hern\u00e1ndez Ballesteros, Jocelin Ximena Molina Bustamante y Daniela S\u00e1nchez Rosales, asesoradas por el investigador y Profesor de Tiempo Completo (PTC) Leobardo de Jes\u00fas Almonte ganaron el segundo lugar nacional en el \u201cPremio de Econom\u00eda Infonavit 2021: Analizando la Encuesta Nacional de Vivienda\u201d, convocado por el Instituto del Fondo Nacional de Vivienda para los Trabajadores (Infonavit).<\/p>\n<p>El ensayo describe y visibiliza a partir de un modelo econom\u00e9trico de rezago espacial como influye el empleo formal en el acceso a cr\u00e9dito a las mujeres, analizando el Producto Interno Bruto (PIB), el gasto p\u00fablico a trav\u00e9s de la tasa de crecimiento, trabajadoras afiliadas al IMSS, oferta de vivienda y el ingreso promedio de los hogares de las mujeres.<\/p>\n<p>\u201cDetectamos la problem\u00e1tica de que las mujeres son las m\u00e1s vulnerables en cuanto al acceso a cr\u00e9dito, entonces, empezamos a trabajar en la propuesta, nos solicitaron un tutor, contactamos al doctor Jes\u00fas Almonte que acept\u00f3 trabajar con nosotras y empezamos a definir la direcci\u00f3n del proyecto, de modelo y de enero a marzo nos dedicamos a realizar el an\u00e1lisis, la elaboraci\u00f3n del ensayo y las propuestas de soluci\u00f3n\u201d, explic\u00f3 Hern\u00e1ndez Ballesteros.<\/p>\n<p>Las estudiantes del octavo semestre de la licenciatura en Econom\u00eda compartieron que el equipo que conformaron compiti\u00f3 contra 46 propuestas de otras Instituciones de Educaci\u00f3n Superior (IES) del pa\u00eds, tanto p\u00fablicas como privadas, logrando quedar entre los cinco finalistas que fueron evaluados directamente en sesi\u00f3n plenaria por un jurado conformado por economistas del Banco de M\u00e9xico, INFONAVIT, Instituto Tecnol\u00f3gico Aut\u00f3nomo de M\u00e9xico (ITAM) y del Instituto Nacional de Estad\u00edstica y Geograf\u00eda (INEGI).<\/p>\n<p>\u201cNos sentimos muy orgullosas, nosotras confi\u00e1bamos en nuestro proyecto, pero siempre est\u00e1 el nervio y la duda. Al ver que \u00e9ramos finalistas nos dimos cuenta que \u00e9ramos la \u00fanica universidad p\u00fablica, las dem\u00e1s privadas, entonces al ser finalistas representando a la facultad y a la UAEM\u00e9x, defendimos el proyecto ante el jurado en sesi\u00f3n plenaria y ganamos el segundo lugar nacional lo que nos llena de emoci\u00f3n\u201d, expres\u00f3 Molina Bustamante.<\/p>\n<p>Las universitarias que participaron por primera vez en esta convocatoria nacional coincidieron en que la calidad educativa que se imparte en la UAEM\u00e9x es competitiva y les permite hacer an\u00e1lisis y propuestas de soluci\u00f3n ante fen\u00f3menos y problem\u00e1ticas socio econ\u00f3micas.<\/p>\n<p>Agradecieron el apoyo que la UAEM\u00e9x les otorg\u00f3 durante la elaboraci\u00f3n del ensayo, sobre todo, del investigador Leobardo de Jes\u00fas Almonte quien fue su asesor durante el concurso.<\/p>\n<p>\u201cFue una experiencia bastante padre, pero tambi\u00e9n muy retadora porque no hab\u00edamos tenido la experiencia de contrastar n\u00fameros con la realidad y tambi\u00e9n tener el apoyo del doctor Almonte aterriz\u00f3 todo y nos ayuda a plasmar todas las ideas que ten\u00edamos en la mente\u201d, extern\u00f3 S\u00e1nchez Rosales.<\/p>\n<p>Los participantes del concurso ten\u00edan que generar un ensayo de investigaci\u00f3n que abordar\u00e1 los resultados de la Encuesta Nacional de Vivienda (ENVI) 2020 en cualquiera de sus rutas tem\u00e1ticas, plantear una hip\u00f3tesis o problem\u00e1tica identificada en el mercado de vivienda en M\u00e9xico, llevar a cabo un an\u00e1lisis econ\u00f3mico y emp\u00edrico de la problem\u00e1tica y desarrollar una propuesta de pol\u00edtica p\u00fablica para resolverla.<\/p>\n<p>Enlace del Video: <a href=\"https:\/\/drive.google.com\/file\/d\/1qZkf6hQG9PNDRPdSLU7Mc4OenWvNi0O6\/view?usp=sharing\" target=\"_blank\" rel=\"noopener\"><u>https:\/\/drive.google.com\/file\/d\/1qZkf6hQG9PNDRPdSLU7Mc4OenWvNi0O6\/view?usp=sharing<\/u><\/a><\/p>\n","protected":false},"excerpt":{"rendered":"<p>Con el ensayo \u201cAccesibilidad de Cr\u00e9dito Infonavit a las mujeres de M\u00e9xico. An\u00e1lisis de autocorrelaci\u00f3n espacial\u201d, las estudiantes de la Facultad de Econom\u00eda de la Universidad Aut\u00f3noma del Estado de M\u00e9xico (UAEM\u00e9x), Ver\u00f3nica Ivette Hern\u00e1ndez Ballesteros, Jocelin Ximena Molina Bustamante y Daniela S\u00e1nchez Rosales, asesoradas por el investigador y Profesor de Tiempo Completo (PTC) Leobardo de Jes\u00fas Almonte ganaron el segundo lugar nacional en el \u201cPremio de Econom\u00eda Infonavit 2021: Analizando la Encuesta Nacional de Vivienda\u201d, convocado por el Instituto del Fondo Nacional de Vivienda para los Trabajadores (Infonavit).<\/p>\n","protected":false},"author":3,"featured_media":552367,"comment_status":"open","ping_status":"open","sticky":false,"template":"","format":"standard","meta":{"_monsterinsights_skip_tracking":false,"_monsterinsights_sitenote_active":false,"_monsterinsights_sitenote_note":"","_monsterinsights_sitenote_category":0,"footnotes":""},"categories":[5],"tags":[35276,43675,2851,452],"class_list":["post-552275","post","type-post","status-publish","format-standard","has-post-thumbnail","hentry","category-estado-de-mexico","tag-concurso","tag-estado-de-mexico","tag-infonavit","tag-toluca"],"_links":{"self":[{"href":"https:\/\/www.diarioimagen.net\/index.php?rest_route=\/wp\/v2\/posts\/552275","targetHints":{"allow":["GET"]}}],"collection":[{"href":"https:\/\/www.diarioimagen.net\/index.php?rest_route=\/wp\/v2\/posts"}],"about":[{"href":"https:\/\/www.diarioimagen.net\/index.php?rest_route=\/wp\/v2\/types\/post"}],"author":[{"embeddable":true,"href":"https:\/\/www.diarioimagen.net\/index.php?rest_route=\/wp\/v2\/users\/3"}],"replies":[{"embeddable":true,"href":"https:\/\/www.diarioimagen.net\/index.php?rest_route=%2Fwp%2Fv2%2Fcomments&post=552275"}],"version-history":[{"count":0,"href":"https:\/\/www.diarioimagen.net\/index.php?rest_route=\/wp\/v2\/posts\/552275\/revisions"}],"wp:featuredmedia":[{"embeddable":true,"href":"https:\/\/www.diarioimagen.net\/index.php?rest_route=\/wp\/v2\/media\/552367"}],"wp:attachment":[{"href":"https:\/\/www.diarioimagen.net\/index.php?rest_route=%2Fwp%2Fv2%2Fmedia&parent=552275"}],"wp:term":[{"taxonomy":"category","embeddable":true,"href":"https:\/\/www.diarioimagen.net\/index.php?rest_route=%2Fwp%2Fv2%2Fcategories&post=552275"},{"taxonomy":"post_tag","embeddable":true,"href":"https:\/\/www.diarioimagen.net\/index.php?rest_route=%2Fwp%2Fv2%2Ftags&post=552275"}],"curies":[{"name":"wp","href":"https:\/\/api.w.org\/{rel}","templated":true}]}}