{"id":552277,"date":"2022-07-05T00:05:48","date_gmt":"2022-07-05T05:05:48","guid":{"rendered":"https:\/\/www.diarioimagen.net\/?p=552277"},"modified":"2022-07-06T01:52:31","modified_gmt":"2022-07-06T06:52:31","slug":"recibe-autonoma-mexiquense-a-estudiantado-nacional-e-internacional-para-participar-en-labores-de-investigacion","status":"publish","type":"post","link":"https:\/\/www.diarioimagen.net\/?p=552277","title":{"rendered":"Recibe Aut\u00f3noma mexiquense a estudiantado nacional e internacional para participar en labores de investigaci\u00f3n"},"content":{"rendered":"<p><em>\u00a0<\/em><\/p>\n<ul>\n<li><strong><em>Treinta y ocho alumnos destacados de universidades de distintas entidades de Colombia, M\u00e9xico y Estado de M\u00e9xico realizar\u00e1n una estancia de investigaci\u00f3n en la UAEM\u00e9x, durante siete semanas, como parte del programa Delf\u00edn<\/em><\/strong><\/li>\n<\/ul>\n<p><strong>\u00a0<\/strong><\/p>\n<div id=\"attachment_552365\" style=\"width: 470px\" class=\"wp-caption aligncenter\"><img loading=\"lazy\" decoding=\"async\" aria-describedby=\"caption-attachment-552365\" class=\"size-full wp-image-552365\" src=\"https:\/\/www.diarioimagen.net\/wp-content\/uploads\/2022\/07\/uaem-2-2.jpg\" alt=\"\" width=\"460\" height=\"270\" \/><p id=\"caption-attachment-552365\" class=\"wp-caption-text\">El Programa Delf\u00edn tiene como prop\u00f3sito generar una cultura cient\u00edfica y establecer v\u00ednculos institucionales que promuevan el quehacer cient\u00edfico en M\u00e9xico, Am\u00e9rica Latina y el mundo.<\/p><\/div>\n<p>&nbsp;<\/p>\n<p><strong>Toluca, Estado de M\u00e9xico.\u2014\u00a0 <\/strong>Como parte del \u201cPrograma Delf\u00edn 2022\u201d que impulsa la Universidad Aut\u00f3noma del Estado de M\u00e9xico (UAEM\u00e9x) 38 estudiantes -10 internacionales y 28 nacionales- realizan una estancia de investigaci\u00f3n en la Aut\u00f3noma mexiquense durante siete semanas.<\/p>\n<p>Los estudiantes pertenecientes a distintas Instituciones de Educaci\u00f3n Superior (IES) son originarios de Colombia y de las entidades de Guerrero, Jalisco, Baja California, Chiapas, Colima, Nayarit, Chihuahua, Ciudad de M\u00e9xico y de diversos municipios de la entidad mexiquense.<\/p>\n<p>La secretaria de Investigaci\u00f3n y Estudios Avanzados de la UAEM\u00e9x, Martha Patricia Zarza Delgado, dio la bienvenida a las y los estudiantes destacados y agradeci\u00f3 a los 15 investigadores de esta casa de estudios que los acercar\u00e1n a sus trabajos de investigaci\u00f3n.<\/p>\n<p>En la Casa de las Diligencias de la UAEM\u00e9x, la universitaria record\u00f3 que el objetivo del Programa Delf\u00edn es, adem\u00e1s de generar una cultura cient\u00edfica, establecer v\u00ednculos institucionales que promuevan el quehacer cient\u00edfico en M\u00e9xico, Am\u00e9rica Latina y el mundo.<\/p>\n<p>\u201cQu\u00e9 gusto vernos en esta modalidad presencial despu\u00e9s de dos a\u00f1os que el programa Delf\u00edn fue a distancia, esperamos que su estancia en la ciudad de Toluca sea agradable y que cumpla su objetivo de este programa\u201d, expres\u00f3.<\/p>\n<p>Asimismo, Zarza Delgado reflexion\u00f3 sobre la trascendencia que tiene la promoci\u00f3n y el impulso de la ciencia y la investigaci\u00f3n lo cual se torn\u00f3 evidente ante los retos que ha impuesto la pandemia por la Covid-19 en los \u00faltimos dos a\u00f1os.<\/p>\n<p>\u201cNos encanta ser parte de este programa, tener participaci\u00f3n de nuestros estudiantes yendo a otras instituciones y aprender de la actividad que investigadoras e investigadores de alto nivel realizan y por supuesto, recibir tambi\u00e9n, a estudiantes de diferentes espacios, lo que ayuda a consolidar la investigaci\u00f3n y promueve el inter\u00e9s entre los j\u00f3venes de generar ciencia y desarrollo e innovaci\u00f3n tecnol\u00f3gica que beneficie a las diferentes \u00e1reas del conocimiento\u201d, agreg\u00f3.<\/p>\n<p>Durante la ceremonia de bienvenida tambi\u00e9n estuvieron presentes los investigadores que apoyar\u00e1n a los estudiantes del \u201cPrograma Delf\u00edn 2022\u201d, la jefa de la Unidad de Fortalecimiento a la Investigaci\u00f3n y los Estudios Avanzados, Grisel\u00a0 Reyes Carmona, as\u00ed como Jetro Manases Leal Bustamante, egresado de la Facultad de Ciencias Agr\u00edcolas de la UAEM\u00e9x quien comparti\u00f3 su experiencia en el programa.<\/p>\n","protected":false},"excerpt":{"rendered":"<p>Como parte del \u201cPrograma Delf\u00edn 2022\u201d que impulsa la Universidad Aut\u00f3noma del Estado de M\u00e9xico (UAEM\u00e9x) 38 estudiantes -10 internacionales y 28 nacionales- realizan una estancia de investigaci\u00f3n en la Aut\u00f3noma mexiquense durante siete semanas.<\/p>\n","protected":false},"author":3,"featured_media":552365,"comment_status":"open","ping_status":"open","sticky":false,"template":"","format":"standard","meta":{"_monsterinsights_skip_tracking":false,"_monsterinsights_sitenote_active":false,"_monsterinsights_sitenote_note":"","_monsterinsights_sitenote_category":0,"footnotes":""},"categories":[5],"tags":[43675,452,1490],"class_list":["post-552277","post","type-post","status-publish","format-standard","has-post-thumbnail","hentry","category-estado-de-mexico","tag-estado-de-mexico","tag-toluca","tag-universidad-autonoma-del-estado-de-mexico"],"_links":{"self":[{"href":"https:\/\/www.diarioimagen.net\/index.php?rest_route=\/wp\/v2\/posts\/552277","targetHints":{"allow":["GET"]}}],"collection":[{"href":"https:\/\/www.diarioimagen.net\/index.php?rest_route=\/wp\/v2\/posts"}],"about":[{"href":"https:\/\/www.diarioimagen.net\/index.php?rest_route=\/wp\/v2\/types\/post"}],"author":[{"embeddable":true,"href":"https:\/\/www.diarioimagen.net\/index.php?rest_route=\/wp\/v2\/users\/3"}],"replies":[{"embeddable":true,"href":"https:\/\/www.diarioimagen.net\/index.php?rest_route=%2Fwp%2Fv2%2Fcomments&post=552277"}],"version-history":[{"count":0,"href":"https:\/\/www.diarioimagen.net\/index.php?rest_route=\/wp\/v2\/posts\/552277\/revisions"}],"wp:featuredmedia":[{"embeddable":true,"href":"https:\/\/www.diarioimagen.net\/index.php?rest_route=\/wp\/v2\/media\/552365"}],"wp:attachment":[{"href":"https:\/\/www.diarioimagen.net\/index.php?rest_route=%2Fwp%2Fv2%2Fmedia&parent=552277"}],"wp:term":[{"taxonomy":"category","embeddable":true,"href":"https:\/\/www.diarioimagen.net\/index.php?rest_route=%2Fwp%2Fv2%2Fcategories&post=552277"},{"taxonomy":"post_tag","embeddable":true,"href":"https:\/\/www.diarioimagen.net\/index.php?rest_route=%2Fwp%2Fv2%2Ftags&post=552277"}],"curies":[{"name":"wp","href":"https:\/\/api.w.org\/{rel}","templated":true}]}}