{"id":552282,"date":"2022-07-05T00:01:47","date_gmt":"2022-07-05T05:01:47","guid":{"rendered":"https:\/\/www.diarioimagen.net\/?p=552282"},"modified":"2022-07-05T03:55:48","modified_gmt":"2022-07-05T08:55:48","slug":"candidatos-deben-presentar-propuestas-en-beneficio-del-pueblo-no-de-grupos-murguia-soto","status":"publish","type":"post","link":"https:\/\/www.diarioimagen.net\/?p=552282","title":{"rendered":"Candidatos deben presentar propuestas en beneficio del pueblo, no de grupos: Murgu\u00eda Soto"},"content":{"rendered":"<p>&nbsp;<\/p>\n<ul>\n<li><strong><em>Dirigente nacional de Unidos por M\u00e9xico S\u00ed<\/em><\/strong><\/li>\n<\/ul>\n<p>&nbsp;<\/p>\n<h6>Arturo Baena<\/h6>\n<p>&nbsp;<\/p>\n<div id=\"attachment_552362\" style=\"width: 470px\" class=\"wp-caption aligncenter\"><img loading=\"lazy\" decoding=\"async\" aria-describedby=\"caption-attachment-552362\" class=\"size-full wp-image-552362\" src=\"https:\/\/www.diarioimagen.net\/wp-content\/uploads\/2022\/07\/BAENA1-2.jpg\" alt=\"\" width=\"460\" height=\"270\" \/><p id=\"caption-attachment-552362\" class=\"wp-caption-text\">Ulises Murgu\u00eda Soto destac\u00f3 que los partidos y candidatos tendr\u00e1n en unos meses su \u201cprueba de fuego\u201d en los procesos electorales de 2023.<\/p><\/div>\n<p>&nbsp;<\/p>\n<p><strong>Tlalnepantla, Estado de M\u00e9xico.\u2014<\/strong> Vayan solos o en coalici\u00f3n, los partidos que participar\u00e1n en las pr\u00f3ximas contiendas electorales, (PRI, PAN, PRD, Morena, PT y PVEM), necesariamente, deber\u00e1n presentar candidatos y proyectos, que en verdad sirvan a los intereses del pueblo y no personales ni de grupos que tanto da\u00f1o han ocasionado a nuestro pa\u00eds.<\/p>\n<p>As\u00ed lo manifest\u00f3, en entrevista, el empresario y dirigente nacional de \u201cUnidos por M\u00e9xico S\u00ed\u201d, Ulises Murgu\u00eda Soto, al tiempo de destacar que \u201cnuestros miembros, sindicalistas, empresarios, l\u00edderes sociales y profesionales, hemos coincidido en que no permitiremos m\u00e1s atropellos, ll\u00e1mese de qui\u00e9n se llame, en contra de las familias de M\u00e9xico\u201d, dijo.<\/p>\n<p>Murgu\u00eda Soto destac\u00f3 que en unos meses tendr\u00e1n su \u201cprueba de fuego\u201d en los procesos electorales de 2023 y s\u00ed no saben escoger a la mujer y hombre id\u00f3neo para gobernar, pagar\u00e1n muy caro las consecuencias.<\/p>\n<p>\u201cEn las reuniones de UMS, hemos estando analizando los perfiles de aquellos que buscan gobernar el Estado de M\u00e9xico. Los invitaremos a qu\u00e9 nos presenten sus proyectos y propuestas en favor del Estado de M\u00e9xico y el pa\u00eds\u201d, puntualiz\u00f3.<\/p>\n<p>Por otra parte, el polit\u00f3logo destac\u00f3 que \u201choy ya no es tan f\u00e1cil enga\u00f1ar al electorado es por ello que a trav\u00e9s de nuestra agrupaci\u00f3n daremos a conocer qui\u00e9n si cuenta con un verdadero proyecto en favor de la ciudadan\u00eda\u201d,reiter\u00f3. Finalmente, Ulises Murgu\u00eda expres\u00f3 que \u201cesa prueba es muy sencilla, pues el pueblo, la clase empresarial, comercial, sindicalista y pol\u00edtica, podemos analizar otros cargos pol\u00edticos de los candidatos. Ya basta de los de siempre, de esos que s\u00f3lo pierden o de aquellos que desean repetir y repetir pese a sus malos resultados\u201d, concluy\u00f3.<\/p>\n","protected":false},"excerpt":{"rendered":"<p>Vayan solos o en coalici\u00f3n, los partidos que participar\u00e1n en las pr\u00f3ximas contiendas electorales, (PRI, PAN, PRD, Morena, PT y PVEM), necesariamente, deber\u00e1n presentar candidatos y proyectos, que en verdad sirvan a los intereses del pueblo y no personales ni de grupos que tanto da\u00f1o han ocasionado a nuestro pa\u00eds.<\/p>\n","protected":false},"author":3,"featured_media":552362,"comment_status":"open","ping_status":"open","sticky":false,"template":"","format":"standard","meta":{"_monsterinsights_skip_tracking":false,"_monsterinsights_sitenote_active":false,"_monsterinsights_sitenote_note":"","_monsterinsights_sitenote_category":0,"footnotes":""},"categories":[5],"tags":[43675,91,211,362,366,169],"class_list":["post-552282","post","type-post","status-publish","format-standard","has-post-thumbnail","hentry","category-estado-de-mexico","tag-estado-de-mexico","tag-pan","tag-prd","tag-pri","tag-pt","tag-tlalnepantla"],"_links":{"self":[{"href":"https:\/\/www.diarioimagen.net\/index.php?rest_route=\/wp\/v2\/posts\/552282","targetHints":{"allow":["GET"]}}],"collection":[{"href":"https:\/\/www.diarioimagen.net\/index.php?rest_route=\/wp\/v2\/posts"}],"about":[{"href":"https:\/\/www.diarioimagen.net\/index.php?rest_route=\/wp\/v2\/types\/post"}],"author":[{"embeddable":true,"href":"https:\/\/www.diarioimagen.net\/index.php?rest_route=\/wp\/v2\/users\/3"}],"replies":[{"embeddable":true,"href":"https:\/\/www.diarioimagen.net\/index.php?rest_route=%2Fwp%2Fv2%2Fcomments&post=552282"}],"version-history":[{"count":0,"href":"https:\/\/www.diarioimagen.net\/index.php?rest_route=\/wp\/v2\/posts\/552282\/revisions"}],"wp:featuredmedia":[{"embeddable":true,"href":"https:\/\/www.diarioimagen.net\/index.php?rest_route=\/wp\/v2\/media\/552362"}],"wp:attachment":[{"href":"https:\/\/www.diarioimagen.net\/index.php?rest_route=%2Fwp%2Fv2%2Fmedia&parent=552282"}],"wp:term":[{"taxonomy":"category","embeddable":true,"href":"https:\/\/www.diarioimagen.net\/index.php?rest_route=%2Fwp%2Fv2%2Fcategories&post=552282"},{"taxonomy":"post_tag","embeddable":true,"href":"https:\/\/www.diarioimagen.net\/index.php?rest_route=%2Fwp%2Fv2%2Ftags&post=552282"}],"curies":[{"name":"wp","href":"https:\/\/api.w.org\/{rel}","templated":true}]}}