{"id":552285,"date":"2022-07-05T00:02:01","date_gmt":"2022-07-05T05:02:01","guid":{"rendered":"https:\/\/www.diarioimagen.net\/?p=552285"},"modified":"2022-07-05T03:54:58","modified_gmt":"2022-07-05T08:54:58","slug":"estamos-listos-en-morena-para-ganar-las-elecciones-de-2023-sindico-carlos-trujillo","status":"publish","type":"post","link":"https:\/\/www.diarioimagen.net\/?p=552285","title":{"rendered":"Estamos listos en Morena para ganar las elecciones de 2023: s\u00edndico Carlos Trujillo"},"content":{"rendered":"<p>&nbsp;<\/p>\n<p><img loading=\"lazy\" decoding=\"async\" class=\"aligncenter size-full wp-image-552360\" src=\"https:\/\/www.diarioimagen.net\/wp-content\/uploads\/2022\/07\/BAENA4-1.jpg\" alt=\"\" width=\"460\" height=\"270\" \/><\/p>\n<p>&nbsp;<\/p>\n<p><strong>Naucalpan, Estado de M\u00e9xico.\u2014 <\/strong>Movimiento Regeneraci\u00f3n Nacional (Morena) est\u00e1 listo para las batallas electorales de 2023 en el Estado de M\u00e9xico y Coahuila, y la federal de 2024,\u00a0que sin duda alguna, vamos a ganar.<\/p>\n<p>As\u00ed lo asegur\u00f3 en entrevista, el segundo s\u00edndico municipal de esta localidad, Carlos Trujillo, al tiempo de destacar que\u00a0\u201cvamos a estar listos para enfrentar las tareas de 2024. Para que, independientemente de qui\u00e9n gane la encuesta rumbo a la Presidencia, encuentren un partido listo para ir a la contienda y asegurar la continuidad de la cuarta transformaci\u00f3n\u201d, sostuvo.<\/p>\n","protected":false},"excerpt":{"rendered":"<p>Movimiento Regeneraci\u00f3n Nacional (Morena) est\u00e1 listo para las batallas electorales de 2023 en el Estado de M\u00e9xico y Coahuila, y la federal de 2024,\u00a0que sin duda alguna, vamos a ganar.<\/p>\n","protected":false},"author":3,"featured_media":552360,"comment_status":"open","ping_status":"open","sticky":false,"template":"","format":"standard","meta":{"_monsterinsights_skip_tracking":false,"_monsterinsights_sitenote_active":false,"_monsterinsights_sitenote_note":"","_monsterinsights_sitenote_category":0,"footnotes":""},"categories":[5],"tags":[798,43675,20663,970],"class_list":["post-552285","post","type-post","status-publish","format-standard","has-post-thumbnail","hentry","category-estado-de-mexico","tag-elecciones","tag-estado-de-mexico","tag-morena","tag-naucalpan"],"_links":{"self":[{"href":"https:\/\/www.diarioimagen.net\/index.php?rest_route=\/wp\/v2\/posts\/552285","targetHints":{"allow":["GET"]}}],"collection":[{"href":"https:\/\/www.diarioimagen.net\/index.php?rest_route=\/wp\/v2\/posts"}],"about":[{"href":"https:\/\/www.diarioimagen.net\/index.php?rest_route=\/wp\/v2\/types\/post"}],"author":[{"embeddable":true,"href":"https:\/\/www.diarioimagen.net\/index.php?rest_route=\/wp\/v2\/users\/3"}],"replies":[{"embeddable":true,"href":"https:\/\/www.diarioimagen.net\/index.php?rest_route=%2Fwp%2Fv2%2Fcomments&post=552285"}],"version-history":[{"count":0,"href":"https:\/\/www.diarioimagen.net\/index.php?rest_route=\/wp\/v2\/posts\/552285\/revisions"}],"wp:featuredmedia":[{"embeddable":true,"href":"https:\/\/www.diarioimagen.net\/index.php?rest_route=\/wp\/v2\/media\/552360"}],"wp:attachment":[{"href":"https:\/\/www.diarioimagen.net\/index.php?rest_route=%2Fwp%2Fv2%2Fmedia&parent=552285"}],"wp:term":[{"taxonomy":"category","embeddable":true,"href":"https:\/\/www.diarioimagen.net\/index.php?rest_route=%2Fwp%2Fv2%2Fcategories&post=552285"},{"taxonomy":"post_tag","embeddable":true,"href":"https:\/\/www.diarioimagen.net\/index.php?rest_route=%2Fwp%2Fv2%2Ftags&post=552285"}],"curies":[{"name":"wp","href":"https:\/\/api.w.org\/{rel}","templated":true}]}}