{"id":552287,"date":"2022-07-05T00:04:15","date_gmt":"2022-07-05T05:04:15","guid":{"rendered":"https:\/\/www.diarioimagen.net\/?p=552287"},"modified":"2022-07-05T03:53:41","modified_gmt":"2022-07-05T08:53:41","slug":"nadie-vulnerara-la-unidad-de-los-priistas-del-edomex-dice-david-parra","status":"publish","type":"post","link":"https:\/\/www.diarioimagen.net\/?p=552287","title":{"rendered":"Nadie vulnerar\u00e1 la unidad de los priistas del Edomex, dice David Parra"},"content":{"rendered":"<p>&nbsp;<\/p>\n<ul>\n<li><strong>\u201cVamos juntos en elecci\u00f3n de gobernador\u201d<\/strong><\/li>\n<\/ul>\n<p>&nbsp;<\/p>\n<h6>Arturo Baena<\/h6>\n<p>&nbsp;<\/p>\n<div id=\"attachment_552356\" style=\"width: 470px\" class=\"wp-caption aligncenter\"><img loading=\"lazy\" decoding=\"async\" aria-describedby=\"caption-attachment-552356\" class=\"size-full wp-image-552356\" src=\"https:\/\/www.diarioimagen.net\/wp-content\/uploads\/2022\/07\/BAENA2-OK.jpg\" alt=\"\" width=\"460\" height=\"270\" \/><p id=\"caption-attachment-552356\" class=\"wp-caption-text\">El diputado David Parra, durante uno de los recorridos que realiz\u00f3 por colonias de Naucalpan, escuchando peticiones de l\u00edderes sociales, empresariales, j\u00f3venes y amas de casa.<\/p><\/div>\n<p>&nbsp;<\/p>\n<p><strong>Naucalpan, Estado de M\u00e9xico.\u2014<\/strong> Nada ni nadie podr\u00e1 vulnerar la unidad de los pri\u00edstas del Estado de M\u00e9xico. Esa es nuestra fortaleza y con ella, vamos a ir juntos a los procesos electorales del pr\u00f3ximo a\u00f1o.<\/p>\n<p>Asegur\u00f3 en entrevista el diputado David Parra S\u00e1nchez, durante uno de los recorridos que realiz\u00f3 por diversas colonias de esta localidad, escuchando peticiones de l\u00edderes sociales, empresariales, j\u00f3venes y amas de casa, en donde les entreg\u00f3 reconocimientos por su trabajo en favor de los naucalpenses.<\/p>\n<p>En la colonia Las Huertas, Tepatlaxco, M\u00e9xico 68 e Izcalli Chamapa, entre otras, Parra S\u00e1nchez destac\u00f3 que \u201cnuestro pa\u00eds no quiere m\u00e1s enga\u00f1os, no m\u00e1s manipulaciones, no m\u00e1s culpas al pasado ni promesas incumplidas de un gobierno de ocurrencias\u201d, dijo.<\/p>\n<p>Por otra parte, el legislador del PRI, manifest\u00f3 a los liderazgos que \u201c es tiempo de reconstruir nuestra patria, ese es nuestro compromiso y lo vamos a lograr una vez m\u00e1s, pues contamos con el liderazgo del gobernador Alfredo del Mazo Maza, quien da muestra de firmeza y decisi\u00f3n para atender los problemas m\u00e1s urgentes de la entidad\u201d, dijo.<\/p>\n<p>Parra S\u00e1nchez reiter\u00f3 que el gobierno federal es omiso en atender las causas de los j\u00f3venes y reprob\u00f3 que quienes piensen que una d\u00e1diva les permitir\u00e1 construir su futuro est\u00e1n equivocados, pues vulnera sus derechos a la educaci\u00f3n, salud, vivienda, ingresos y un ambiente sano.<\/p>\n<p>Hoy m\u00e1s que nunca, en el PRI se entiende la impaciencia de los j\u00f3venes \u201cpor eso debemos caminar a su paso y solidarizarnos con sus causas, con el fin de trabajar juntos para lograr que sus ideales sean la realidad de todos los d\u00edas\u201d, manifest\u00f3.<\/p>\n","protected":false},"excerpt":{"rendered":"<p>Nada ni nadie podr\u00e1 vulnerar la unidad de los pri\u00edstas del Estado de M\u00e9xico. Esa es nuestra fortaleza y con ella, vamos a ir juntos a los procesos electorales del pr\u00f3ximo a\u00f1o.<\/p>\n","protected":false},"author":3,"featured_media":552356,"comment_status":"open","ping_status":"open","sticky":false,"template":"","format":"standard","meta":{"_monsterinsights_skip_tracking":false,"_monsterinsights_sitenote_active":false,"_monsterinsights_sitenote_note":"","_monsterinsights_sitenote_category":0,"footnotes":""},"categories":[5],"tags":[29035,43675,970],"class_list":["post-552287","post","type-post","status-publish","format-standard","has-post-thumbnail","hentry","category-estado-de-mexico","tag-david-parra-sanchez","tag-estado-de-mexico","tag-naucalpan"],"_links":{"self":[{"href":"https:\/\/www.diarioimagen.net\/index.php?rest_route=\/wp\/v2\/posts\/552287","targetHints":{"allow":["GET"]}}],"collection":[{"href":"https:\/\/www.diarioimagen.net\/index.php?rest_route=\/wp\/v2\/posts"}],"about":[{"href":"https:\/\/www.diarioimagen.net\/index.php?rest_route=\/wp\/v2\/types\/post"}],"author":[{"embeddable":true,"href":"https:\/\/www.diarioimagen.net\/index.php?rest_route=\/wp\/v2\/users\/3"}],"replies":[{"embeddable":true,"href":"https:\/\/www.diarioimagen.net\/index.php?rest_route=%2Fwp%2Fv2%2Fcomments&post=552287"}],"version-history":[{"count":0,"href":"https:\/\/www.diarioimagen.net\/index.php?rest_route=\/wp\/v2\/posts\/552287\/revisions"}],"wp:featuredmedia":[{"embeddable":true,"href":"https:\/\/www.diarioimagen.net\/index.php?rest_route=\/wp\/v2\/media\/552356"}],"wp:attachment":[{"href":"https:\/\/www.diarioimagen.net\/index.php?rest_route=%2Fwp%2Fv2%2Fmedia&parent=552287"}],"wp:term":[{"taxonomy":"category","embeddable":true,"href":"https:\/\/www.diarioimagen.net\/index.php?rest_route=%2Fwp%2Fv2%2Fcategories&post=552287"},{"taxonomy":"post_tag","embeddable":true,"href":"https:\/\/www.diarioimagen.net\/index.php?rest_route=%2Fwp%2Fv2%2Ftags&post=552287"}],"curies":[{"name":"wp","href":"https:\/\/api.w.org\/{rel}","templated":true}]}}