{"id":552320,"date":"2022-07-05T00:03:04","date_gmt":"2022-07-05T05:03:04","guid":{"rendered":"https:\/\/www.diarioimagen.net\/?p=552320"},"modified":"2022-07-05T01:46:14","modified_gmt":"2022-07-05T06:46:14","slug":"cuernavaca-protagonista","status":"publish","type":"post","link":"https:\/\/www.diarioimagen.net\/?p=552320","title":{"rendered":"Cuernavaca, protagonista"},"content":{"rendered":"<h2>Espacio Electoral<\/h2>\n<h5>Eleazar Flores<\/h5>\n<p><strong>\u00a0<\/strong><\/p>\n<p><strong>Y NO POR CUAU-.<\/strong> Conscientes de que nada es para siempre, la Di\u00f3cesis de Cuernavaca vuelve a ser protagonista, como entre los setenta y ochenta lo fue con el \u201cobispo rojo\u201d, Sergio M\u00e9ndez Arceo. El \u201cbautizo\u201d de rojo se lo impusieron sus propios colegas purpurados, por sus posturas cr\u00edticas contra el gobierno e incluso dentro de la misma Iglesia.<\/p>\n<p>Ahora es\u00a0 el obispo Ram\u00f3n Castro Castro,\u00a0 quien a nombre de sus colegas de ministerio o a t\u00edtulo personal, dolido por el derramamiento de tanta sangre por los cuatro puntos cardinales del pa\u00eds, se\u00f1ala\u00a0 que el programa de \u201cabrazos, no balazos \u201c es s\u00edntoma hasta de complicidad.<\/p>\n<p>Todo lo anterior sucedi\u00f3 en la celebraci\u00f3n de la octava Caminata por la paz, llevada a cabo el domingo pasado por las principales calles de la ciudad de la eterna primavera, con feligreses asistentes apoyando con rezos, plegarias y c\u00e1nticos religiosos, para que la paz vuelva no s\u00f3lo a Cuernavaca, sino a todo el pa\u00eds en general.<\/p>\n<p>Pidi\u00f3 a todas las instancias de gobierno \u201cno fallar a la ciudadan\u00eda en materia de seguridad y que la autoridad civil, -ojo, no dijo militar-, no claudique en materia de seguridad y la paz social.<\/p>\n<p>\u201cAutoridades no fallen, cumplan con los deseos de pacificaci\u00f3n y garanticen con hechos la seguridad, clam\u00f3 monse\u00f1or Ram\u00f3n Castro y Castro ante cientos de feligreses que con vivas lo apoyaban al coincidir con el sentir no solo de los morelenses, de todo el pa\u00eds en general.<\/p>\n<p>El clamor del obispo es generalizado a pesar que muchos de sus colegas no organizan movimientos como el de la Di\u00f3cesis de Cuernavaca.<\/p>\n<p><strong>OTROS MINISTROS-.<\/strong> Prelados anteriores que hicieron que su voz se escuchara fue el el extinto Samuel Ruiz, obispo em\u00e9rito de San Crist\u00f3bal de las Casas, de gran ascendencia entre la comunidad ind\u00edgena del sureste, tanto que a su sucesor, el mexiquense Felipe Arizmendi, le cost\u00f3 entrar en el \u00e1nimo de la feligres\u00eda.<\/p>\n<p>Otro con imagen no tan positiva no obstante sus cr\u00edticas al gobierno fue el del cardenal de Guadalajara, monse\u00f1or Juan Sandoval I\u00f1iguez, o bien el abiertamente priista, no obstante su amistad con Fern\u00e1ndez de Ceballos,\u00a0 On\u00e9simo Cepeda de Ecatepec.<\/p>\n<p>Y de los dem\u00e1s purpurados ni hablar para no herir susceptibilidades, no obstante que en sus sermones dominicales y en su semanario \u201cDesde la fe\u201d, exponen puntos de vista cr\u00edticos al gobierno, que ni suda ni se acongoja.<\/p>\n<p>Seguramente, como respuesta a lo sucedido el domingo en Cuernavaca, el del p\u00falpito ma\u00f1anero volvi\u00f3 a salir con el estribillo de que clero y pueblo que lo critican es porque son conservadores y por ende sus adversarios, as\u00ed que a seguir chiflando en la loma, por desgracia.<\/p>\n<p><em><a href=\"mailto:elefa44@gmail.com\" target=\"_blank\" rel=\"noopener noreferrer\">elefa44@gmail.com<\/a><\/em><\/p>\n","protected":false},"excerpt":{"rendered":"<p><span style=\"color: #005497;\"><strong>Eleazar Flores<\/strong><\/span><\/p>\n","protected":false},"author":3,"featured_media":0,"comment_status":"open","ping_status":"open","sticky":false,"template":"","format":"standard","meta":{"_monsterinsights_skip_tracking":false,"_monsterinsights_sitenote_active":false,"_monsterinsights_sitenote_note":"","_monsterinsights_sitenote_category":0,"footnotes":""},"categories":[81743],"tags":[81744,81776,43674],"class_list":["post-552320","post","type-post","status-publish","format-standard","hentry","category-eleazar-flores","tag-eleazar-flores","tag-espacio-electoral","tag-opinion"],"_links":{"self":[{"href":"https:\/\/www.diarioimagen.net\/index.php?rest_route=\/wp\/v2\/posts\/552320","targetHints":{"allow":["GET"]}}],"collection":[{"href":"https:\/\/www.diarioimagen.net\/index.php?rest_route=\/wp\/v2\/posts"}],"about":[{"href":"https:\/\/www.diarioimagen.net\/index.php?rest_route=\/wp\/v2\/types\/post"}],"author":[{"embeddable":true,"href":"https:\/\/www.diarioimagen.net\/index.php?rest_route=\/wp\/v2\/users\/3"}],"replies":[{"embeddable":true,"href":"https:\/\/www.diarioimagen.net\/index.php?rest_route=%2Fwp%2Fv2%2Fcomments&post=552320"}],"version-history":[{"count":0,"href":"https:\/\/www.diarioimagen.net\/index.php?rest_route=\/wp\/v2\/posts\/552320\/revisions"}],"wp:attachment":[{"href":"https:\/\/www.diarioimagen.net\/index.php?rest_route=%2Fwp%2Fv2%2Fmedia&parent=552320"}],"wp:term":[{"taxonomy":"category","embeddable":true,"href":"https:\/\/www.diarioimagen.net\/index.php?rest_route=%2Fwp%2Fv2%2Fcategories&post=552320"},{"taxonomy":"post_tag","embeddable":true,"href":"https:\/\/www.diarioimagen.net\/index.php?rest_route=%2Fwp%2Fv2%2Ftags&post=552320"}],"curies":[{"name":"wp","href":"https:\/\/api.w.org\/{rel}","templated":true}]}}