{"id":552337,"date":"2022-07-05T00:07:21","date_gmt":"2022-07-05T05:07:21","guid":{"rendered":"https:\/\/www.diarioimagen.net\/?p=552337"},"modified":"2022-07-05T02:52:18","modified_gmt":"2022-07-05T07:52:18","slug":"alito-amenaza-con-llevar-su-caso-a-tribunales-internacionales","status":"publish","type":"post","link":"https:\/\/www.diarioimagen.net\/?p=552337","title":{"rendered":"\u201cAlito\u201d amenaza con llevar su caso a tribunales internacionales"},"content":{"rendered":"<h2>Clase Pol\u00edtica<\/h2>\n<h5>Miguel \u00c1ngel Rivera<\/h5>\n<p>&nbsp;<\/p>\n<p>Cuando se denuncia a un pol\u00edtico de alto nivel como presunto delincuente, siempre surge la duda acerca de si las denuncias est\u00e1n bien fundamentadas y se le persigue solamente\u00a0 por haber violado la ley o s\u00f3lo porque es un rival inc\u00f3modo.<\/p>\n<p>Esto no es nuevo, sucedi\u00f3 desde las \u00e9pocas en que hab\u00eda un partido dominante, el PRI, y la lucha pol\u00edtica se daba fundamentalmente dentro de sus filas.<\/p>\n<p>Un caso donde tuve conocimiento directo fue el de Eugenio M\u00e9ndez Docurro, un pol\u00edtico y cient\u00edfico de alto nivel que, entre otros cargos, se desempe\u00f1\u00f3 como secretario de Comunicaciones y Transportes, director del Instituto Polit\u00e9cnico Nacional y del Consejo Nacional de Ciencia y Tecnolog\u00eda (Conacyt) y que oficialmente fue encarcelado una breve temporada, acusado de desviar una partida destinada inicialmente a la empresa estatal de telecomunicaciones Intelsat.<\/p>\n<p>Su encarcelamiento ocurri\u00f3 en marzo de 1978, cuando arrancaba el segundo a\u00f1o de gobierno de Jos\u00e9 L\u00f3pez Portillo. Dur\u00f3 muy poco, pues oficialmente se inform\u00f3 que el ex funcionario \u2014detenido cuando era subsecretario de Educaci\u00f3n\u2014 hab\u00eda restituido la cantidad desviada.<\/p>\n<p>Aqu\u00ed lo importante es que un poco m\u00e1s de dos a\u00f1os antes de su aprehensi\u00f3n, en una noche de bohemia a las que era muy afecto anticip\u00f3 que ser\u00eda perseguido desde las mismas filas oficiales. Se quejaba (\u201cde seguro ya le fueron con el chisme\u201d) de la austeridad impuesta por el presidente Luis Echeverr\u00eda y tambi\u00e9n hizo comentarios poco agradables acerca del sucesor, el mencionado L\u00f3pez Portillo.<\/p>\n<p>Despu\u00e9s de ese episodio de han conocido otros muchos procesos contra pol\u00edticos, casi todos por malos manejos de los recursos oficiales, como lo ex gobernadores de Veracruz, Javier Duarte; de Quintana Roo, Roberto Borge; y de Chihuahua, Horacio C\u00e9sar Duarte, por s\u00f3lo mencionar algunos de los casos que todav\u00eda est\u00e1n en proceso.<\/p>\n<p>En el actual sexenio se ha desacreditado mucho al ex gobernador de Michoac\u00e1n Silvano Aureoles, figura del PRD, quien durante un tiempo fue un duro cr\u00edtico de la llamada Cuarta Transformaci\u00f3n y, a \u00faltimas fechas, al tambi\u00e9n ex mandatario estatal, pero de Campeche, Alejandro \u201cAlito\u201d Moreno C\u00e1rdenas, dirigente nacional del PRI, quien es pilar de la alianza opositora en la cual participan tambi\u00e9n el PAN y el PRD, alianza que ha impedido que el gobierno del presidente\u00a0Andr\u00e9s Manuel L\u00f3pez Obrador concrete su anhelada reforma energ\u00e9tica y, adem\u00e1s, mantiene un bloqueo legislativo.<\/p>\n<p>Para ser presidente del PRI, Moreno dej\u00f3 el gobierno de su estado y para reemplazarlo promovi\u00f3 a Miguel Aysa Gonz\u00e1lez, quien fue premiado por\u00a0la llamada Cuarta Transformaci\u00f3n con la embajada de M\u00e9xico en la Rep\u00fablica Dominicana por su \u201cejemplar\u201d comportamiento durante las elecciones estatales en las que result\u00f3 triunfadora la abanderada de Morena, Layda Sansores, ex priista hija de una de las figuras hist\u00f3ricas del tricolor, Carlos Sansores P\u00e9rez.<\/p>\n<p>No obstante que al arranque del gobierno del presidente L\u00f3pez Obrador, el priista Moreno C\u00e1rdenas fue tan complaciente con la nueva administraci\u00f3n al grado de ser rebautizado como\u00a0<strong>\u201cAmlito\u201d<\/strong>, a ra\u00edz de las elecciones de junio de 2021, en las cuales la coalici\u00f3n opositora perdi\u00f3 numerosas plazas, pero pudo presumir una recuperaci\u00f3n en la Ciudad de M\u00e9xico y en la C\u00e1mara de Diputados, la nueva mandataria campechana encabez\u00f3 una persecuci\u00f3n en contra de su paisano y antecesor en el cargo.<\/p>\n<p style=\"text-align: center;\">\u201c<strong>Alito\u201d, acusado de enriquecimiento il\u00edcito<\/strong><\/p>\n<p>Como en los casos de otros ex gobernadores, el ahora presidente del PRI fue acusado de desv\u00edo de recursos oficiales y de operaciones financieras ileg\u00edtimas, todo resumido en enriquecimiento il\u00edcito.<\/p>\n<p>Las denuncias contra Moreno C\u00e1rdenas tienen como fundamento grabaciones ilegales de conversaciones telef\u00f3nicas en las cuales aparentemente revela detalles de operaciones clandestinas. Layda Sansores presenta semanalmente en medios de comunicaci\u00f3n locales nuevos cap\u00edtulos de esas cintas obviamente obtenidas fuera de la ley.<\/p>\n<p>El dirigente priista revir\u00f3 con otra grabaci\u00f3n, de una conversaci\u00f3n que tuvo con su \u201camigo\u201d el tambi\u00e9n ex gobernador, pero de Chiapas, Manuel Velasco Coello, quien presuntamente fue el mensajero de una amenaza en su contra por parte del gobierno de la llamada Cuarta Transformaci\u00f3n.<\/p>\n<p>Al continuar las denuncias, el presidente del PRI volvi\u00f3 a denunciar una persecuci\u00f3n pol\u00edtica de los gobiernos federal y de Campeche en su contra, exigi\u00f3 que sus demandas se resuelvan conforme a Derecho y anunci\u00f3 que dar\u00e1 inicio su batalla legal que llevar\u00e1 a tribunales y organizaciones internacionales, lo cual seguramente se le facilitar\u00e1 pues, adem\u00e1s de su cargo en el tricolor, es el presidente en funciones de la Conferencia Permanente de Partidos Pol\u00edticos de Am\u00e9rica Latina (COPPPAL), una organizaci\u00f3n de organizaciones que se dicen socialdem\u00f3cratas, de la cual el PRI ha sido siempre uno de sus pilares.<\/p>\n<p>En una conferencia de prensa en la que estuvo acompa\u00f1ado por el coordinador de los diputados federales del PRI y ex gobernador de Coahuila, Rub\u00e9n Moreira, y de integrantes del Comit\u00e9 Ejecutivo Nacional de su instituto pol\u00edtico, Moreno C\u00e1rdenas se quej\u00f3 ayer de que las agresiones en su contra sobrepasan ya \u201ctodo l\u00edmite legal y constitucional\u201d, indic\u00f3 que ha presentado diversas demandas legales ante las autoridades competentes, pero los jueces federales que las han recibido \u201chan eludido admitirlas o pronunciarse sobre ellas\u201d.<\/p>\n<p>Se\u00f1al\u00f3 que el suyo es un caso \u201cque debe ser ejemplar para impedir los ataques del poder y para que prevalezca la legalidad\u201d, ya que ha quedado claro que la gobernadora Layda Sansores \u201cse burla p\u00fablicamente del Poder Judicial\u201d.<\/p>\n<p>A pesar de todas las derrotas que ha registrado en los \u00faltimos a\u00f1os, dijo que su partido\u00a0es fuerte, es potente y pilar importante de la coalici\u00f3n\u00a0<strong>Va por M\u00e9xico.<\/strong>\u00a0Agreg\u00f3 que, por eso, el gobierno de Morena lo que quiere es dividir a la coalici\u00f3n, para acabar con la oposici\u00f3n.<\/p>\n<p>\u201cQu\u00e9 hubiera pasado si hubi\u00e9ramos acompa\u00f1ado la reforma el\u00e9ctrica.\u00a0 Pr\u00e1cticamente nos estar\u00edan aplaudiendo todos los d\u00edas los que hoy nos difaman, nos calumnian, nos atacan, nos difaman, pero hay que decirles que no conocen a los priistas. Los vamos a enfrentar de manera clara, de manera directa\u201d, dijo.<\/p>\n<p>De gira por Zihuatanejo, en donde inaugur\u00f3 y realiz\u00f3 la Jornada de Capacitaci\u00f3n: \u201cEmpoderando Ando\u201d, en el marco del Encuentro Nacional de Mujeres Priistas, el l\u00edder priista se\u00f1al\u00f3 que las mujeres del partido son un gran ejemplo del valor que tienen las mexicanas y asegur\u00f3 que su instituto pol\u00edtico ha sido el principal impulsor de la participaci\u00f3n pol\u00edtica de las mujeres en M\u00e9xico.<\/p>\n<p>De paso, a pesar de los recientes resultados negativos, Moreno expres\u00f3 su confianza en que la coalici\u00f3n ganar\u00e1 en los comicios del a\u00f1o que entra.<\/p>\n<p>El factor que desat\u00f3 esta protesta de Moreno fue que la Fiscal\u00eda General de Campeche, encabezada por el tambi\u00e9n ex priista Renato Sales, ejecut\u00f3 una orden de cateo en su residencia de Campeche.<\/p>\n<p>Medios locales reportaron que el operativo tuvo una duraci\u00f3n de diez horas, enfocado en determinar los materiales de los que fue construida la casa y en la b\u00fasqueda de objetos de alto valor.<\/p>\n<p>El hecho de que hasta ahora el gobierno de Layda Sansores no haya obtenido una orden de aprehensi\u00f3n o de presentaci\u00f3n contra Moreno C\u00e1rdenas permite suponer que hasta ahora no se tienen pruebas contundentes de las operaciones ilegales que se presumen a partir de las grabaciones dadas a conocer por la mandataria \u201cmorena\u201d.<\/p>\n<p style=\"text-align: center;\"><strong>Iberdrola consigue protecci\u00f3n de un juez federal<\/strong><\/p>\n<p>El presidente L\u00f3pez Obrador tendr\u00e1 nuevamente motivo para repetir las denuncias que ha formulado en contra del Poder Judicial.<\/p>\n<p>Esto porque ayer se inform\u00f3 que un juez federal concedi\u00f3 una suspensi\u00f3n a una subsidiaria de la espa\u00f1ola Iberdrola contra una multa de 9,145 millones de pesos (466 millones de d\u00f3lares) que le impuso la Comisi\u00f3n Reguladora de Energ\u00eda (CRE) presuntamente por irregularidades en el cumplimiento de sus licencias como generador de electricidad.<\/p>\n<p>\u201cSe concede la medida cautelar solicitada para efecto de que no se ejecute el cobro de la multa\u201d, dice la sentencia del juez.<\/p>\n<p>Al imponer la cuantiosa multa, la CRE sostuvo que la filial de Iberdrola entreg\u00f3 energ\u00eda a sus socios a cambio de una contraprestaci\u00f3n econ\u00f3mica, lo que constituye una venta, que no est\u00e1 permitida bajo la licencia de autoabasto, le fue concedida por el gobierno mexicano.<\/p>\n<p><em><a href=\"mailto:riparcangel@hotmail.com\" target=\"_blank\" rel=\"noopener noreferrer\">riparcangel@hotmail.com<\/a><\/em><\/p>\n","protected":false},"excerpt":{"rendered":"<p><span style=\"color: #005497;\"><strong>Miguel \u00c1ngel Rivera<\/strong><\/span<\/span><\/p>\n","protected":false},"author":3,"featured_media":0,"comment_status":"open","ping_status":"open","sticky":false,"template":"","format":"standard","meta":{"_monsterinsights_skip_tracking":false,"_monsterinsights_sitenote_active":false,"_monsterinsights_sitenote_note":"","_monsterinsights_sitenote_category":0,"footnotes":""},"categories":[84119],"tags":[84120,84121,43674],"class_list":["post-552337","post","type-post","status-publish","format-standard","hentry","category-miguel-angel-rivera","tag-clase-politica","tag-miguel-angel-rivera","tag-opinion"],"_links":{"self":[{"href":"https:\/\/www.diarioimagen.net\/index.php?rest_route=\/wp\/v2\/posts\/552337","targetHints":{"allow":["GET"]}}],"collection":[{"href":"https:\/\/www.diarioimagen.net\/index.php?rest_route=\/wp\/v2\/posts"}],"about":[{"href":"https:\/\/www.diarioimagen.net\/index.php?rest_route=\/wp\/v2\/types\/post"}],"author":[{"embeddable":true,"href":"https:\/\/www.diarioimagen.net\/index.php?rest_route=\/wp\/v2\/users\/3"}],"replies":[{"embeddable":true,"href":"https:\/\/www.diarioimagen.net\/index.php?rest_route=%2Fwp%2Fv2%2Fcomments&post=552337"}],"version-history":[{"count":0,"href":"https:\/\/www.diarioimagen.net\/index.php?rest_route=\/wp\/v2\/posts\/552337\/revisions"}],"wp:attachment":[{"href":"https:\/\/www.diarioimagen.net\/index.php?rest_route=%2Fwp%2Fv2%2Fmedia&parent=552337"}],"wp:term":[{"taxonomy":"category","embeddable":true,"href":"https:\/\/www.diarioimagen.net\/index.php?rest_route=%2Fwp%2Fv2%2Fcategories&post=552337"},{"taxonomy":"post_tag","embeddable":true,"href":"https:\/\/www.diarioimagen.net\/index.php?rest_route=%2Fwp%2Fv2%2Ftags&post=552337"}],"curies":[{"name":"wp","href":"https:\/\/api.w.org\/{rel}","templated":true}]}}