{"id":552341,"date":"2022-07-05T00:12:58","date_gmt":"2022-07-05T05:12:58","guid":{"rendered":"https:\/\/www.diarioimagen.net\/?p=552341"},"modified":"2022-07-05T02:15:59","modified_gmt":"2022-07-05T07:15:59","slug":"con-acuerdos-y-reconciliacion-objetivos-de-la-4t-podrian-acortarse-monreal","status":"publish","type":"post","link":"https:\/\/www.diarioimagen.net\/?p=552341","title":{"rendered":"Con acuerdos y reconciliaci\u00f3n, objetivos de la 4T podr\u00edan acortarse: Monreal"},"content":{"rendered":"<h2>Tras la puerta del poder<\/h2>\n<h5>Roberto Vizca\u00edno<\/h5>\n<p>&nbsp;<\/p>\n<p>Luego de reiterar que buscar\u00e1 ser el Presidente de la reconciliaci\u00f3n para\u00a0atenuar los efectos que se han provocado en esta confrontaci\u00f3n entre unos mexicanos y otros, en esta polarizaci\u00f3n permanente,\u00a0el senador\u00a0<strong>Ricardo Monreal<\/strong>\u00a0se alej\u00f3 m\u00e1s de la forma de gobernar de <strong>Andr\u00e9s Manuel L\u00f3pez Obrador<\/strong> al considerar que se podr\u00edan alcanzar los objetivos de la 4T con acuerdos e inclusi\u00f3n de todos los sectores.<\/p>\n<p>\u201cYo soy de los que piensa que podemos lograr llegar al mismo puerto, al mismo destino con una etapa de acuerdos, de consensos, de conciliaci\u00f3n. Pienso eso y pienso que el\u00a0<strong>pa\u00eds avanzar\u00eda m\u00e1s r\u00e1pido<\/strong>\u00a0si logramos estar juntos, unidos en lo fundamental.<\/p>\n<p>\u201cEntonces, eso es lo que pretendo ser: el Presidente de la reconciliaci\u00f3n nacional\u201d, subray\u00f3.<\/p>\n<p>Consider\u00f3 luego, que pese a todo ha habido avances notables en cuanto a separaci\u00f3n del poder econ\u00f3mico del pol\u00edtico, en austeridad, en honestidad, en un estilo distinto de ejercer el gobierno.<\/p>\n<p>\u201cY yo s\u00f3lo tendr\u00eda dos asignaturas, que me parecen pertinentes atender: que es la seguridad p\u00fabica y el campo mexicano\u201d.<\/p>\n<p>Los procesos de transici\u00f3n pol\u00edtica, afirm\u00f3, son largos y no se agotan en cuatro o seis a\u00f1os que dura un gobierno en M\u00e9xico, por lo cual hay que entender que la transformaci\u00f3n de la vida p\u00fablica del pa\u00eds va a continuar.<\/p>\n<p>Sin embargo, aclar\u00f3 que \u00e9l no es de los que piensa que Morena debe profundizar sus diferencias con los sectores.<\/p>\n<p>\u201cSoy de los que piensa que Morena no debe alejarse de los intelectuales, no debe de alejarse de los universitarios, no debe alejarse de las clases medias. Incluso, no debe alejarse de los sectores econ\u00f3micos o en este caso, sectores religiosos; porque muchos de ellos votaron por nuestro movimiento, votaron por Morena.<\/p>\n<p>\u201cNo podemos enfrentarnos a ellos, no debemos polarizar ni distanciarnos con ellos. Al contrario, hay que buscar acercarnos a ellos y mantener la confianza que depositaron en Morena en el 2018\u201d.<\/p>\n<p>Y en el caso de los acontecimientos que rodean al presidente del PRI, Alejandro Moreno, quien acusa al gobierno de ejercer una campa\u00f1a de acoso y desprestigio en su contra,\u00a0<strong>Monreal<\/strong>\u00a0dijo:<\/p>\n<p>\u201cNo hago le\u00f1a del \u00e1rbol ca\u00eddo. No acostumbro a ufanarme o a burlarme de las personas perseguidas o que est\u00e1n en problemas graves, con la ley o con la justicia.<\/p>\n<p>\u201cDeseo que \u00e9l, en este caso\u00a0<strong>Alejandro<\/strong>, pueda resolver sus problemas, dirima sus problemas en la jurisdicci\u00f3n competente. Yo estoy seguro de que \u00e9l las enfrentar\u00e1 con responsabilidad, pero no me sumo a un coro de linchamiento en contra de \u00e9l ni de nadie.<\/p>\n<p><strong>\u201c&#8230; no me sumo al coro de linchamiento ni al coro de venganzas; no soy as\u00ed y deseo<\/strong>\u00a0que \u00e9l y todos los mexicanos y mexicanas que se encuentran en dificultades frente a los Tribunales o a los Fiscales, puedan salir adelante.<\/p>\n<p>\u201cMe solidarizo, s\u00ed, con su familia. Me solidarizo s\u00ed, con su esposa, sus hijos, su familia, que son quienes finalmente sufren este tipo de acciones de los \u00f3rganos de justicia o de procuraci\u00f3n de justicia\u201d.<\/p>\n<p>Preguntado sobre los temas que podr\u00eda abordar el presidente\u00a0<strong>L\u00f3pez Obrador<\/strong>\u00a0en su encuentro de los pr\u00f3ximos d\u00edas con el presidente de EU\u00a0<strong>Joe Biden<\/strong>, dijo:<\/p>\n<p>\u201cSeguramente el Presidente de la Rep\u00fablica se llevar\u00e1 una agenda amplia con el presidente\u00a0<strong>Biden<\/strong>, entre las que destacan la migraci\u00f3n, sin duda; el uso de armas y el contrabando ilegal a nuestro pa\u00eds: este tr\u00e1fico que nos ha causado estragos, violencia y que nos ha causado tantos decesos.<\/p>\n<p>\u201cTambi\u00e9n, seguramente tratar\u00e1n sobre el tema del tr\u00e1fico de drogas y de los c\u00e1rteles que act\u00faan; as\u00ed como esta bandera que el Presidente ha asumido de inversi\u00f3n para el desarrollo en los estados que tienen una alta expulsi\u00f3n de migrantes.<\/p>\n<p>\u201cY, uno de los temas ineludibles, ser\u00e1n los acuerdos comerciales, el T-MEC; porque es un tema que para m\u00ed ha sido ben\u00e9fico y que los tres pa\u00edses se han beneficiado de haber establecido esta \u00e1rea comercial, llamado T-MEC. Tambi\u00e9n ser\u00e1 un tema de an\u00e1lisis entre ambas naciones\u201d.<\/p>\n<p style=\"text-align: center;\"><strong>Revisar pol\u00edticas y programas de seguridad sin confrontaci\u00f3n<\/strong><\/p>\n<p>En cuanto a su intenci\u00f3n de someter en el Senado a un an\u00e1lisis los programas y pol\u00edticas de seguridad p\u00fablica del gobierno, aclar\u00f3:<\/p>\n<p>\u201cNosotros tenemos esa atribuci\u00f3n y\u00a0<strong>nadie debe pensar que se trata de una confrontaci\u00f3n.<\/strong>\u00a0Es m\u00e1s bien\u00a0una atribuci\u00f3n que debemos de cumplir\u00a0y s\u00ed nos vamos a reunir, y\u00a0es un tema que no podemos evadir en su an\u00e1lisis, en su reflexi\u00f3n, en las propuestas que podamos hacer para mejorar este\u00a0servicio fundamental, este fin \u00faltimo del Estado nacional, de garantizar a la poblaci\u00f3n seguridad.<\/p>\n<p>\u201cEs un tema que\u00a0<strong>vamos a abordar nosotros, no con el \u00e1nimo de confrontar al Presidente ni con el \u00e1nimo de confrontar sus planes y programas<\/strong>; sino con el \u00e1nimo de complementar, de\u00a0<strong>cooperar\u00a0<\/strong>y de hacer m\u00e1s eficaz esta lucha que no cede, y que est\u00e1 generando preocupaci\u00f3n y tambi\u00e9n no s\u00f3lo preocupaci\u00f3n, sino incluso temor, mucho temor en la poblaci\u00f3n nacional\u201d, indic\u00f3.<\/p>\n<p>Luego de reunirse con obispos, dijo que en su encuentro encontr\u00f3 que:<\/p>\n<p>\u201c&#8230; est\u00e1n preocupados por el clima de violencia en algunos lugares del pa\u00eds.<\/p>\n<p>\u201cPero yo\u00a0los vi serenos\u00a0y\u00a0sensatos en sus planteamientos de buscar soluciones y de hacer propuestas para enfrentar este flagelo tan delicado, que es el aumento de la violencia; pero no los vi irrespetuosos ni tampoco imprudentes\u201d&#8230;<\/p>\n<p><em><a href=\"mailto:rvizcainoa@gmail.com\" target=\"_blank\" rel=\"noopener noreferrer\">vizcainoa@gmail.com<\/a><a href=\"mailto:rvizcainoa@gmail.com\" target=\"_blank\" rel=\"noopener noreferrer\"><br \/>\n<\/a><a href=\"http:\/\/endirecto.mx\" target=\"_blank\" rel=\"noopener noreferrer\">www.endirecto.mx<\/a><a href=\"mailto:rvizcainoa@gmail.com\" target=\"_blank\" rel=\"noopener noreferrer\"><br \/>\n<\/a><a href=\"https:\/\/twitter.com\/_rvizcaino\" target=\"_blank\" rel=\"noopener noreferrer\">@_RVizcaino<\/a><a href=\"mailto:rvizcainoa@gmail.com\" target=\"_blank\" rel=\"noopener noreferrer\"><br \/>\n<\/a><a href=\"https:\/\/www.facebook.com\/rvizcainoa\" target=\"_blank\" rel=\"noopener noreferrer\">facebook.com\/rvizcainoa<\/a><\/em><\/p>\n","protected":false},"excerpt":{"rendered":"<p><span style=\"color: #005497;\"><strong>Roberto Vizca\u00edno<\/strong><\/span><\/p>\n","protected":false},"author":3,"featured_media":0,"comment_status":"open","ping_status":"open","sticky":false,"template":"","format":"standard","meta":{"_monsterinsights_skip_tracking":false,"_monsterinsights_sitenote_active":false,"_monsterinsights_sitenote_note":"","_monsterinsights_sitenote_category":0,"footnotes":""},"categories":[136],"tags":[43674,93,94],"class_list":["post-552341","post","type-post","status-publish","format-standard","hentry","category-roberto-vizcaino-opinion","tag-opinion","tag-roberto-vizcaino","tag-tras-la-puerta-del-poder"],"_links":{"self":[{"href":"https:\/\/www.diarioimagen.net\/index.php?rest_route=\/wp\/v2\/posts\/552341","targetHints":{"allow":["GET"]}}],"collection":[{"href":"https:\/\/www.diarioimagen.net\/index.php?rest_route=\/wp\/v2\/posts"}],"about":[{"href":"https:\/\/www.diarioimagen.net\/index.php?rest_route=\/wp\/v2\/types\/post"}],"author":[{"embeddable":true,"href":"https:\/\/www.diarioimagen.net\/index.php?rest_route=\/wp\/v2\/users\/3"}],"replies":[{"embeddable":true,"href":"https:\/\/www.diarioimagen.net\/index.php?rest_route=%2Fwp%2Fv2%2Fcomments&post=552341"}],"version-history":[{"count":0,"href":"https:\/\/www.diarioimagen.net\/index.php?rest_route=\/wp\/v2\/posts\/552341\/revisions"}],"wp:attachment":[{"href":"https:\/\/www.diarioimagen.net\/index.php?rest_route=%2Fwp%2Fv2%2Fmedia&parent=552341"}],"wp:term":[{"taxonomy":"category","embeddable":true,"href":"https:\/\/www.diarioimagen.net\/index.php?rest_route=%2Fwp%2Fv2%2Fcategories&post=552341"},{"taxonomy":"post_tag","embeddable":true,"href":"https:\/\/www.diarioimagen.net\/index.php?rest_route=%2Fwp%2Fv2%2Ftags&post=552341"}],"curies":[{"name":"wp","href":"https:\/\/api.w.org\/{rel}","templated":true}]}}