{"id":552402,"date":"2022-07-06T00:04:16","date_gmt":"2022-07-06T05:04:16","guid":{"rendered":"https:\/\/www.diarioimagen.net\/?p=552402"},"modified":"2022-07-06T22:28:35","modified_gmt":"2022-07-07T03:28:35","slug":"ofrecen-uaemex-y-gem-opciones-educativas-para-nivel-medio-superior-y-superior","status":"publish","type":"post","link":"https:\/\/www.diarioimagen.net\/?p=552402","title":{"rendered":"Ofrecen UAEM\u00e9x y GEM opciones educativas para nivel medio superior y superior"},"content":{"rendered":"<p>&nbsp;<\/p>\n<ul>\n<li><strong><em>Con el acuerdo habr\u00e1 mayor coordinaci\u00f3n entre las instituciones para informar al estudiantado las alternativas de educaci\u00f3n a partir de un an\u00e1lisis detallado de las bases de datos<\/em><\/strong><\/li>\n<\/ul>\n<p>&nbsp;<\/p>\n<div id=\"attachment_552488\" style=\"width: 470px\" class=\"wp-caption aligncenter\"><img loading=\"lazy\" decoding=\"async\" aria-describedby=\"caption-attachment-552488\" class=\"size-full wp-image-552488\" src=\"https:\/\/www.diarioimagen.net\/wp-content\/uploads\/2022\/07\/uaem2.jpg\" alt=\"\" width=\"460\" height=\"270\" \/><p id=\"caption-attachment-552488\" class=\"wp-caption-text\">El rector de la UAEM\u00e9x, Carlos Eduardo Barrera D\u00edaz y el secretario de Educaci\u00f3n estatal, Gerardo Monroy Serrano, firmaron un acuerdo estrat\u00e9gico para acercar las distintas opciones que tiene el estudiantado para dar continuidad a su formaci\u00f3n acad\u00e9mica de nivel Medio Superior y Superior.<\/p><\/div>\n<p>&nbsp;<\/p>\n<p><strong>Toluca, Estado de M\u00e9xico.\u2014 <\/strong>Con el prop\u00f3sito de ofrecer opciones a las juventudes mexiquenses que buscan dar continuidad a sus estudios en el Nivel Medio Superior y Superior, el rector de la Universidad Aut\u00f3noma del Estado de M\u00e9xico (UAEM\u00e9x), Carlos Eduardo Barrera D\u00edaz y el secretario de Educaci\u00f3n estatal, Gerardo Monroy Serrano, firmaron el Convenio Espec\u00edfico de Colaboraci\u00f3n para el Acuerdo Estrat\u00e9gico por la Educaci\u00f3n Media Superior y Superior de la entidad, ciclo escolar 2022-2023.<\/p>\n<p>El acuerdo permitir\u00e1 una mayor coordinaci\u00f3n entre los pares de control escolar de cada instituci\u00f3n de Nivel Medio Superior y Superior para ofrecer a cada joven las diversas opciones o alternativas que tienen para dar continuidad a sus estudios a partir de un an\u00e1lisis detallado de las bases de datos.<\/p>\n<p>En Palacio de Gobierno estatal, el rector de la UAEM\u00e9x, Carlos Eduardo Barrera D\u00edaz reiter\u00f3 que es prioritario cubrir las necesidades de los estudiantes a trav\u00e9s de una oferta educativa pertinente, atractiva y de calidad, por lo que el Acuerdo refleja la fortaleza de las instituciones para encarar los retos y ofrecer alternativas de soluci\u00f3n para que el estudiantado tenga m\u00e1s oportunidades de seguir su formaci\u00f3n acad\u00e9mica.<\/p>\n<p>\u201cUnimos esfuerzos y voluntades para revertir el rezago en la demanda escolar y seguir construyendo y fortaleciendo la igualdad de oportunidades para todos los aspirantes a la educaci\u00f3n superior en nuestra entidad\u201d, afirm\u00f3.<\/p>\n<p>Durante la firma del Convenio, el rector de la UAEM\u00e9x reconoci\u00f3 al gobernador estatal, Alfredo del Mazo Maza y al secretario de educaci\u00f3n por la disposici\u00f3n y entusiasmo por apoyar y otorgar m\u00e1s oportunidades al sector estudiantil de la entidad.<\/p>\n<p>En tanto, el secretario de Educaci\u00f3n estatal, Gerardo Monroy Serrano, indic\u00f3 que el Convenio establece las bases para que el estudiantado tenga la oportunidad de acceder de forma alternativa y opcional a continuar sus estudios en los 3 mil lugares que ofrece el sistema educativo estatal para el Nivel Medio Superior y los 4 mil 500 para el Superior.<\/p>\n<p>Algunos de los programas educativos que se ofrecen en instituciones de control estatal\u00a0 para los aspirantes no seleccionados de la UAEM\u00e9x son salud, industria, servicios, medio ambiente, turismo, inform\u00e1tica, comunicaci\u00f3n, contabilidad, administraci\u00f3n, entre otras. \u201cEl prop\u00f3sito es ofrecer espacios para continuar la formaci\u00f3n acad\u00e9mica\u201d, apunt\u00f3 el secretario de Educaci\u00f3n estatal.<\/p>\n<p>Actualmente, la Secretar\u00eda de Educaci\u00f3n cuenta con una matr\u00edcula de 464 mil estudiantes del Nivel Medio Superior y 136 mil 365 en Educaci\u00f3n Superior y Normal.<\/p>\n<p>A la firma del Acuerdo acudieron integrantes del gabinete universitario como la secretaria de Docencia, Yolanda Ballesteros Sent\u00edes; el secretario de Rector\u00eda, Marco Aurelio Cienfuegos Terr\u00f3n; el secretario de Extensi\u00f3n y Vinculaci\u00f3n, Francisco Zepeda Mondrag\u00f3n; la Abogada general, Luz Mar\u00eda Jaimes Legorreta; la directora general de Comunicaci\u00f3n Universitaria, Ginarely Valencia Alc\u00e1ntara; as\u00ed como subsecretario de Educaci\u00f3n Media Superior, Israel Jer\u00f3nimo L\u00f3pez; el coordinador de Asuntos Jur\u00eddicos e Igualdad de G\u00e9nero, Jos\u00e9 Luis G\u00f3mez Tamayo y el director general de Educaci\u00f3n Superior, Ernesto Rivas Rivas.<\/p>\n","protected":false},"excerpt":{"rendered":"<p>Con el prop\u00f3sito de ofrecer opciones a las juventudes mexiquenses que buscan dar continuidad a sus estudios en el Nivel Medio Superior y Superior, el rector de la Universidad Aut\u00f3noma del Estado de M\u00e9xico (UAEM\u00e9x), Carlos Eduardo Barrera D\u00edaz y el secretario de Educaci\u00f3n estatal, Gerardo Monroy Serrano, firmaron el Convenio Espec\u00edfico de Colaboraci\u00f3n para el Acuerdo Estrat\u00e9gico por la Educaci\u00f3n Media Superior y Superior de la entidad, ciclo escolar 2022-2023.<\/p>\n","protected":false},"author":3,"featured_media":552488,"comment_status":"open","ping_status":"open","sticky":false,"template":"","format":"standard","meta":{"_monsterinsights_skip_tracking":false,"_monsterinsights_sitenote_active":false,"_monsterinsights_sitenote_note":"","_monsterinsights_sitenote_category":0,"footnotes":""},"categories":[5],"tags":[46371,1720,95910,67878],"class_list":["post-552402","post","type-post","status-publish","format-standard","has-post-thumbnail","hentry","category-estado-de-mexico","tag-acuerdo","tag-gem","tag-gerardo-monroy-serrano","tag-uaemex"],"_links":{"self":[{"href":"https:\/\/www.diarioimagen.net\/index.php?rest_route=\/wp\/v2\/posts\/552402","targetHints":{"allow":["GET"]}}],"collection":[{"href":"https:\/\/www.diarioimagen.net\/index.php?rest_route=\/wp\/v2\/posts"}],"about":[{"href":"https:\/\/www.diarioimagen.net\/index.php?rest_route=\/wp\/v2\/types\/post"}],"author":[{"embeddable":true,"href":"https:\/\/www.diarioimagen.net\/index.php?rest_route=\/wp\/v2\/users\/3"}],"replies":[{"embeddable":true,"href":"https:\/\/www.diarioimagen.net\/index.php?rest_route=%2Fwp%2Fv2%2Fcomments&post=552402"}],"version-history":[{"count":0,"href":"https:\/\/www.diarioimagen.net\/index.php?rest_route=\/wp\/v2\/posts\/552402\/revisions"}],"wp:featuredmedia":[{"embeddable":true,"href":"https:\/\/www.diarioimagen.net\/index.php?rest_route=\/wp\/v2\/media\/552488"}],"wp:attachment":[{"href":"https:\/\/www.diarioimagen.net\/index.php?rest_route=%2Fwp%2Fv2%2Fmedia&parent=552402"}],"wp:term":[{"taxonomy":"category","embeddable":true,"href":"https:\/\/www.diarioimagen.net\/index.php?rest_route=%2Fwp%2Fv2%2Fcategories&post=552402"},{"taxonomy":"post_tag","embeddable":true,"href":"https:\/\/www.diarioimagen.net\/index.php?rest_route=%2Fwp%2Fv2%2Ftags&post=552402"}],"curies":[{"name":"wp","href":"https:\/\/api.w.org\/{rel}","templated":true}]}}