{"id":552415,"date":"2022-07-06T00:03:26","date_gmt":"2022-07-06T05:03:26","guid":{"rendered":"https:\/\/www.diarioimagen.net\/?p=552415"},"modified":"2022-07-06T03:18:35","modified_gmt":"2022-07-06T08:18:35","slug":"reforesta-el-verde-ecologista-al-edomex-lider-couttolenc-buentello","status":"publish","type":"post","link":"https:\/\/www.diarioimagen.net\/?p=552415","title":{"rendered":"Reforesta el Verde Ecologista al\u00a0Edomex: l\u00edder Couttolenc Buentello"},"content":{"rendered":"<p>&nbsp;<\/p>\n<ul>\n<li><strong><em>Genera conciencia entre estudiantes<\/em><\/strong><\/li>\n<\/ul>\n<p>&nbsp;<\/p>\n<div id=\"attachment_552509\" style=\"width: 470px\" class=\"wp-caption aligncenter\"><img loading=\"lazy\" decoding=\"async\" aria-describedby=\"caption-attachment-552509\" class=\"size-full wp-image-552509\" src=\"https:\/\/www.diarioimagen.net\/wp-content\/uploads\/2022\/07\/BAENA4-2.jpg\" alt=\"\" width=\"460\" height=\"270\" \/><p id=\"caption-attachment-552509\" class=\"wp-caption-text\">Jos\u00e9 Alberto Couttolenc Buentello, dirigente estatal del PVEM en el Estado de M\u00e9xico, se\u00f1al\u00f3 que es importante que los ni\u00f1os no nada m\u00e1s reforesten, sino que tambi\u00e9n cuiden el \u00e1rbol.<\/p><\/div>\n<p>&nbsp;<\/p>\n<p>\u201cNo hay mejor momento para reforestar que en esta temporada de lluvias\u201d, resalt\u00f3 Jos\u00e9 Alberto Couttolenc Buentello, dirigente estatal del Partido Verde Ecologista de M\u00e9xico (PVEM) en el Estado de M\u00e9xico, en un recorrido por escuelas de los diferentes niveles educativos donde se implementan estas acciones y se genera conciencia de su importancia entre los estudiantes.<\/p>\n<p>\u201cCreo firmemente que debemos regresar a nuestros valores como ciudadan\u00eda y uno de ellos son los valores ecol\u00f3gicos, valores medio ambientales que hacen que una sociedad progrese o fracase\u201d, dijo. Empezamos la \u00e9poca de lluvias y con ello la de reforestar, es importante que los ni\u00f1os no nada m\u00e1s reforesten, sino que tambi\u00e9n cuiden el \u00e1rbol que est\u00e1n reforestando\u201d, resalt\u00f3 Pepe Couttolenc, en entrevista.<\/p>\n<p>Detall\u00f3 que con ello se busca que cada \u00e1rbol reciba un nombre y generar una responsabilidad entre los j\u00f3venes, adem\u00e1s de que \u201ctengamos a m\u00e1s gente cuidando el medio ambiente\u201d.<\/p>\n<p>Adem\u00e1s de socializar una agenda medio ambiental y robustecerla, el l\u00edder estatal explic\u00f3 que en estas visitas por diferentes puntos de la entidad tambi\u00e9n impulsan el Programa de Empleo Temporal con el fin de invitar a los j\u00f3venes desempleados mayores de 16 a\u00f1os a presentar sus proyectos ante la \u00a0Secretar\u00eda del Trabajo para que reciban durante un a\u00f1o un sueldo mientras encuentran trabajo, \u201cesto es lo que pretendemos con esta ley que estamos puliendo y perfeccionando y que estamos socializando en todo el Estado de M\u00e9xico\u201d.<\/p>\n","protected":false},"excerpt":{"rendered":"<p>\u201cNo hay mejor momento para reforestar que en esta temporada de lluvias\u201d, resalt\u00f3 Jos\u00e9 Alberto Couttolenc Buentello, dirigente estatal del Partido Verde Ecologista de M\u00e9xico (PVEM) en el Estado de M\u00e9xico, en un recorrido por escuelas de los diferentes niveles educativos donde se implementan estas acciones y se genera conciencia de su importancia entre los estudiantes.<\/p>\n","protected":false},"author":3,"featured_media":552509,"comment_status":"open","ping_status":"open","sticky":false,"template":"","format":"standard","meta":{"_monsterinsights_skip_tracking":false,"_monsterinsights_sitenote_active":false,"_monsterinsights_sitenote_note":"","_monsterinsights_sitenote_category":0,"footnotes":""},"categories":[5],"tags":[95666,4880],"class_list":["post-552415","post","type-post","status-publish","format-standard","has-post-thumbnail","hentry","category-estado-de-mexico","tag-jose-alberto-couttolenc-buentello","tag-partido-verde-ecologista-de-mexico"],"_links":{"self":[{"href":"https:\/\/www.diarioimagen.net\/index.php?rest_route=\/wp\/v2\/posts\/552415","targetHints":{"allow":["GET"]}}],"collection":[{"href":"https:\/\/www.diarioimagen.net\/index.php?rest_route=\/wp\/v2\/posts"}],"about":[{"href":"https:\/\/www.diarioimagen.net\/index.php?rest_route=\/wp\/v2\/types\/post"}],"author":[{"embeddable":true,"href":"https:\/\/www.diarioimagen.net\/index.php?rest_route=\/wp\/v2\/users\/3"}],"replies":[{"embeddable":true,"href":"https:\/\/www.diarioimagen.net\/index.php?rest_route=%2Fwp%2Fv2%2Fcomments&post=552415"}],"version-history":[{"count":0,"href":"https:\/\/www.diarioimagen.net\/index.php?rest_route=\/wp\/v2\/posts\/552415\/revisions"}],"wp:featuredmedia":[{"embeddable":true,"href":"https:\/\/www.diarioimagen.net\/index.php?rest_route=\/wp\/v2\/media\/552509"}],"wp:attachment":[{"href":"https:\/\/www.diarioimagen.net\/index.php?rest_route=%2Fwp%2Fv2%2Fmedia&parent=552415"}],"wp:term":[{"taxonomy":"category","embeddable":true,"href":"https:\/\/www.diarioimagen.net\/index.php?rest_route=%2Fwp%2Fv2%2Fcategories&post=552415"},{"taxonomy":"post_tag","embeddable":true,"href":"https:\/\/www.diarioimagen.net\/index.php?rest_route=%2Fwp%2Fv2%2Ftags&post=552415"}],"curies":[{"name":"wp","href":"https:\/\/api.w.org\/{rel}","templated":true}]}}