{"id":552419,"date":"2022-07-06T00:01:14","date_gmt":"2022-07-06T05:01:14","guid":{"rendered":"https:\/\/www.diarioimagen.net\/?p=552419"},"modified":"2022-07-06T03:25:31","modified_gmt":"2022-07-06T08:25:31","slug":"priistas-de-tultitlan-piden-la-salida-de-la-delegada-estatal-veronica-herrera","status":"publish","type":"post","link":"https:\/\/www.diarioimagen.net\/?p=552419","title":{"rendered":"Priistas de Tultitl\u00e1n piden la salida de la delegada estatal, Ver\u00f3nica Herrera"},"content":{"rendered":"<p>&nbsp;<\/p>\n<ul>\n<li><strong><em>Presentan recurso de inconformidad ante el CDE<\/em><\/strong><\/li>\n<\/ul>\n<p>&nbsp;<\/p>\n<h6>Arturo Baena<\/h6>\n<p>&nbsp;<\/p>\n<div id=\"attachment_552511\" style=\"width: 470px\" class=\"wp-caption aligncenter\"><img loading=\"lazy\" decoding=\"async\" aria-describedby=\"caption-attachment-552511\" class=\"size-full wp-image-552511\" src=\"https:\/\/www.diarioimagen.net\/wp-content\/uploads\/2022\/07\/BAENA1-3.jpg\" alt=\"\" width=\"460\" height=\"270\" \/><p id=\"caption-attachment-552511\" class=\"wp-caption-text\">Priistas en Tultitl\u00e1n manifestaron su rechazo a las pr\u00e1cticas que est\u00e1 utilizando la delegada Ver\u00f3nica Herrera, que contradicen la pol\u00edtica de apertura e inclusi\u00f3n en procesos internos.<\/p><\/div>\n<p>&nbsp;<\/p>\n<p><strong>Tultitl\u00e1n, Estado de M\u00e9xico.\u2014<\/strong> Militantes e integrantes del Comit\u00e9 Municipal del PRI en esta localidad denunciaron una serie de irregularidades que, afirmaron, est\u00e1 cometiendo la delegada estatal con funciones de presidenta, Ver\u00f3nica Herrera Olgu\u00edn, por lo que exigen su inmediata dimisi\u00f3n al cargo.<\/p>\n<p>En conferencia de prensa Carlos Estrella Salazar, presidente del Movimiento \u201cYa es Hora\u201d, as\u00ed como Erika D\u00edaz Torres, l\u00edder de la Confederaci\u00f3n Nacional Campesina (CNC) en Tultitl\u00e1n; Alejandra Calzada Herrera, secretaria de cultura del comit\u00e9 municipal; y Ang\u00e9lica Pi\u00f1a, secretaria de Organizaci\u00f3n, manifestaron su rechazo a las pr\u00e1cticas que est\u00e1 utilizando la delegada Ver\u00f3nica Herrera, que contradicen la pol\u00edtica de apertura e inclusi\u00f3n en los procesos internos de selecci\u00f3n, que est\u00e1 abanderando el dirigente estatal del Revolucionario Institucional, Eric Sevilla.<\/p>\n<p>En principio, la dirigente cenecista Erika D\u00edaz evidenci\u00f3 la forma en que ha sido tratada por parte de la delegada, a quien acus\u00f3 de cerrarle el paso a sus aspiraciones pol\u00edticas al decirle \u201cque no contaba con el perfil que se requiere para por menos pretender un cargo de direcci\u00f3n partidista\u201d; situaci\u00f3n que igualmente han pasado varias compa\u00f1eras de partido, por lo que presentaron un recurso de inconformidad ante las autoridades de ese instituto pol\u00edtico, acus\u00e1ndola de violencia pol\u00edtica de g\u00e9nero.<\/p>\n<p>A su vez, Carlos Estrella inform\u00f3 que Ver\u00f3nica Herrera est\u00e1 aplicando esa misma actitud en el proceso de selecci\u00f3n interna de delegados al Consejo Pol\u00edtico Municipal, toda vez que incurri\u00f3 en varias irregularidades al no permitir el registro de aspirantes cerrando las instalaciones del comit\u00e9 municipal antes del horario acostumbrado; aunado a otros obst\u00e1culos que no vienen marcados en la convocatoria correspondiente.<\/p>\n<p>\u201cEsto sin duda, contradice la pol\u00edtica de apertura e inclusi\u00f3n de toda la militancia en los procesos internos de nuestro partido, principios que est\u00e1 abanderando el presidente del PRI en el Estado de M\u00e9xico, Eric Sevilla; a quien desde Tultitl\u00e1n le decimos que los priistas tultitlenses estamos con \u00e9l con todo nuestro apoyo y convicci\u00f3n de trabajo; pero que tambi\u00e9n no vamos a permitir que la delegada Ver\u00f3nica Herrera Olgu\u00edn est\u00e9 actuando de esa forma, que en lugar de sumar, divide y resta la unidad que se requiere de todo el priismo para salir avantes de la gran responsabilidad que tenemos en la pr\u00f3xima elecci\u00f3n por la gubernatura mexiquense\u201d; enfatiz\u00f3.<\/p>\n<p>Finalmente, los priistas reiteraron que es urgente la salida de la delegada Ver\u00f3nica Herrera Olgu\u00edn del Comit\u00e9 Municipal del PRI Tultitl\u00e1n, para que siga avanzando la construcci\u00f3n del triunfo que, aseguraron, tendr\u00e1 el PRI en 2023 y posteriormente en 2024.<\/p>\n","protected":false},"excerpt":{"rendered":"<p>Militantes e integrantes del Comit\u00e9 Municipal del PRI en esta localidad denunciaron una serie de irregularidades que, afirmaron, est\u00e1 cometiendo la delegada estatal con funciones de presidenta, Ver\u00f3nica Herrera Olgu\u00edn, por lo que exigen su inmediata dimisi\u00f3n al cargo.<\/p>\n","protected":false},"author":3,"featured_media":552511,"comment_status":"open","ping_status":"open","sticky":false,"template":"","format":"standard","meta":{"_monsterinsights_skip_tracking":false,"_monsterinsights_sitenote_active":false,"_monsterinsights_sitenote_note":"","_monsterinsights_sitenote_category":0,"footnotes":""},"categories":[5],"tags":[43675,35441,362,578],"class_list":["post-552419","post","type-post","status-publish","format-standard","has-post-thumbnail","hentry","category-estado-de-mexico","tag-estado-de-mexico","tag-irregularidades","tag-pri","tag-tultitlan"],"_links":{"self":[{"href":"https:\/\/www.diarioimagen.net\/index.php?rest_route=\/wp\/v2\/posts\/552419","targetHints":{"allow":["GET"]}}],"collection":[{"href":"https:\/\/www.diarioimagen.net\/index.php?rest_route=\/wp\/v2\/posts"}],"about":[{"href":"https:\/\/www.diarioimagen.net\/index.php?rest_route=\/wp\/v2\/types\/post"}],"author":[{"embeddable":true,"href":"https:\/\/www.diarioimagen.net\/index.php?rest_route=\/wp\/v2\/users\/3"}],"replies":[{"embeddable":true,"href":"https:\/\/www.diarioimagen.net\/index.php?rest_route=%2Fwp%2Fv2%2Fcomments&post=552419"}],"version-history":[{"count":0,"href":"https:\/\/www.diarioimagen.net\/index.php?rest_route=\/wp\/v2\/posts\/552419\/revisions"}],"wp:featuredmedia":[{"embeddable":true,"href":"https:\/\/www.diarioimagen.net\/index.php?rest_route=\/wp\/v2\/media\/552511"}],"wp:attachment":[{"href":"https:\/\/www.diarioimagen.net\/index.php?rest_route=%2Fwp%2Fv2%2Fmedia&parent=552419"}],"wp:term":[{"taxonomy":"category","embeddable":true,"href":"https:\/\/www.diarioimagen.net\/index.php?rest_route=%2Fwp%2Fv2%2Fcategories&post=552419"},{"taxonomy":"post_tag","embeddable":true,"href":"https:\/\/www.diarioimagen.net\/index.php?rest_route=%2Fwp%2Fv2%2Ftags&post=552419"}],"curies":[{"name":"wp","href":"https:\/\/api.w.org\/{rel}","templated":true}]}}