{"id":552453,"date":"2022-07-06T00:05:05","date_gmt":"2022-07-06T05:05:05","guid":{"rendered":"https:\/\/www.diarioimagen.net\/?p=552453"},"modified":"2022-07-06T02:19:04","modified_gmt":"2022-07-06T07:19:04","slug":"a-donde-va-el-gasto-publico","status":"publish","type":"post","link":"https:\/\/www.diarioimagen.net\/?p=552453","title":{"rendered":"\u00bfA d\u00f3nde va el gasto p\u00fablico?"},"content":{"rendered":"<h2>Perfil de M\u00e9xico<\/h2>\n<h5>Armando R\u00edos Ruiz<\/h5>\n<p>&nbsp;<\/p>\n<p>En lo que va de la presente administraci\u00f3n, el Presidente ha dado muestras clar\u00edsimas de no entender para nada, una de las materias que en su vida de estudiante se le transform\u00f3 en una especie de crucigrama indescifrable: Econom\u00eda. Que no naci\u00f3 para la escuela y que no tiene ninguna vocaci\u00f3n y por ello decidi\u00f3 dedicarse a las actividades pol\u00edticas, pero con los ojos vendados.<\/p>\n<p>Hoy, convertido nada menos que en Presidente de M\u00e9xico, no atina m\u00e1s que a pelear todos los d\u00edas y a desdecirse al siguiente, con culpas visibles de lo que hizo, pero adjudic\u00e1ndolas al neoliberalismo o a otras cuestiones. Ejemplo, el caso de los sacerdotes que le exigen cumplir con una de las\u00a0 prioridades: la seguridad que se niega a dar con pretextos de toda \u00edndole, que hoy como nunca, tienen postrados a millones de mexicanos ante los criminales.<\/p>\n<p>Primero, los llen\u00f3 de insultos. Los llam\u00f3 hip\u00f3critas y luego les reclam\u00f3 no haber exigido lo mismo a Calder\u00f3n, en su tiempo. Inclusive se refiri\u00f3 a Porfirio D\u00edaz con la frase de \u201cm\u00e1tenlos en caliente\u201d. Dedic\u00f3 ma\u00f1aneras para fustigarlos con todo el coraje de su pecho, para, de un momento a otro querer disculparse con decir que la \u201cmano negra\u201d de los conservadores quiere echarle encima a las iglesias, pero lleva buena relaci\u00f3n con los sacerdotes.<\/p>\n<p>Parecen (\u00bfo son?) las revelaciones de un hombre que no est\u00e1 nada bien de sus facultades mentales. Fustigar. Decir todos los improperios que le llegan a la cabeza en contra del gremio. Se\u00f1alar el tiempo de Calder\u00f3n, cuando bien o mal emprendi\u00f3 una batida contra la delincuencia e inclusive citar tiempos remotos para acallar la voz de los religiosos, bien pueden enmarcarse en un desajuste mental.<\/p>\n<p>Baste lo anterior para ubicarnos en otro tema. El del dinero o el del asunto del subejercicio ejercido por las instituciones p\u00fablicas y organismos aut\u00f3nomos, durante los m\u00e1s de tres a\u00f1os del presente gobierno. Los medios acaban de dar cuenta de que asciende a 383 mil 98 millones 500 mil pesos, de acuerdo con la cuenta p\u00fablica de la Secretar\u00eda de Hacienda.<\/p>\n<p>La periodista Ana Karen Garc\u00eda, de \u201cEl Economista\u201d, nos dice que el subejercicio del gasto p\u00fablico es el que resulta de restar el gasto observado al gasto programado por el gobierno y que se incurre en \u00e9l cuando una entidad p\u00fablica no ha gastado lo previsto en un ejercicio fiscal.<\/p>\n<p>Por lo tanto, el subejercicio de todo el presente sexenio, dice el economista Rolando Cordera, no significa para nada un ahorro, sino un mal\u00a0 manejo del gasto p\u00fablico. Se trata de \u201cuna falla en la planeaci\u00f3n presupuestaria del gobierno, en la que opta por cifras por encima de lo que se requerir\u00e1, con una planeaci\u00f3n sensata o apegada a la realidad.<\/p>\n<p>Pero \u00bfpor qu\u00e9 el subejercicio durante tres a\u00f1os es tan alto? \u00bfPor qu\u00e9 muchas dependencias dejaron de gastar lo que les correspond\u00eda, cuando sus titulares deben saber de sobra que lo no gastado se devolver\u00e1 a Hacienda para que sea reasignado para otras actividades siempre importantes?<\/p>\n<p>Cabe tambi\u00e9n preguntar: \u00bfPor qu\u00e9 algunas instituciones lo sobre ejercieron en 100 por ciento, como la de Energ\u00eda, Pemex, Defensa y Turismo? Muy sencillo. Parece que alguien ordena a algunas instituciones no ejercerlo, para que Hacienda reasigne el dinero y emplearlo en las obras fara\u00f3nicas que, lejos de haber respondido a la planeaci\u00f3n de costo inicial, se han ido hasta el cielo.<\/p>\n<p>Adem\u00e1s, en obras que han quedado en entredicho, como el Aeropuerto de Santa Luc\u00eda o como la reci\u00e9n inaugurada refiner\u00eda de Dos Bocas y como el Tren Maya que, de acuerdo con expertos, est\u00e1n destinadas al fracaso, a la inoperancia o a la creaci\u00f3n de productos nocivos para la vida en general. El subejercicio sobrepasa con mucho, el costo que hubiera tenido el destruido aeropuerto de Texcoco, que hoy ya estar\u00eda en funciones y produciendo.<\/p>\n<p>Pero as\u00ed es como se desgobierna y se lleva a un pa\u00eds directo al \u201cdespe\u00f1adero\u201d. Frase inventada para aludir al Presidente anterior, pero que cuadra con las intenciones de hoy, que responden a meros caprichos.<\/p>\n<p><a href=\"mailto:ariosruiz@gmail.com\" target=\"_blank\" rel=\"noopener noreferrer\"><em>ariosruiz@gmail.com<\/em><\/a><\/p>\n","protected":false},"excerpt":{"rendered":"<p><span style=\"color: #005497;\"><strong>Armando R\u00edos Ruiz<\/strong><\/span><\/p>\n","protected":false},"author":3,"featured_media":0,"comment_status":"open","ping_status":"open","sticky":false,"template":"","format":"standard","meta":{"_monsterinsights_skip_tracking":false,"_monsterinsights_sitenote_active":false,"_monsterinsights_sitenote_note":"","_monsterinsights_sitenote_category":0,"footnotes":""},"categories":[88405],"tags":[88407,43674,91193],"class_list":["post-552453","post","type-post","status-publish","format-standard","hentry","category-armando-rios-ruiz","tag-armando-rios-ruiz","tag-opinion","tag-perfil-de-mexico"],"_links":{"self":[{"href":"https:\/\/www.diarioimagen.net\/index.php?rest_route=\/wp\/v2\/posts\/552453","targetHints":{"allow":["GET"]}}],"collection":[{"href":"https:\/\/www.diarioimagen.net\/index.php?rest_route=\/wp\/v2\/posts"}],"about":[{"href":"https:\/\/www.diarioimagen.net\/index.php?rest_route=\/wp\/v2\/types\/post"}],"author":[{"embeddable":true,"href":"https:\/\/www.diarioimagen.net\/index.php?rest_route=\/wp\/v2\/users\/3"}],"replies":[{"embeddable":true,"href":"https:\/\/www.diarioimagen.net\/index.php?rest_route=%2Fwp%2Fv2%2Fcomments&post=552453"}],"version-history":[{"count":0,"href":"https:\/\/www.diarioimagen.net\/index.php?rest_route=\/wp\/v2\/posts\/552453\/revisions"}],"wp:attachment":[{"href":"https:\/\/www.diarioimagen.net\/index.php?rest_route=%2Fwp%2Fv2%2Fmedia&parent=552453"}],"wp:term":[{"taxonomy":"category","embeddable":true,"href":"https:\/\/www.diarioimagen.net\/index.php?rest_route=%2Fwp%2Fv2%2Fcategories&post=552453"},{"taxonomy":"post_tag","embeddable":true,"href":"https:\/\/www.diarioimagen.net\/index.php?rest_route=%2Fwp%2Fv2%2Ftags&post=552453"}],"curies":[{"name":"wp","href":"https:\/\/api.w.org\/{rel}","templated":true}]}}