{"id":552563,"date":"2022-07-07T00:01:27","date_gmt":"2022-07-07T05:01:27","guid":{"rendered":"https:\/\/www.diarioimagen.net\/?p=552563"},"modified":"2022-07-07T03:35:12","modified_gmt":"2022-07-07T08:35:12","slug":"marca-el-pri-edomex-su-agenda-de-trabajo-rumbo-a-proceso-electoral-del-proximo-ano","status":"publish","type":"post","link":"https:\/\/www.diarioimagen.net\/?p=552563","title":{"rendered":"Marca el PRI Edomex su agenda de trabajo rumbo a proceso electoral del pr\u00f3ximo a\u00f1o"},"content":{"rendered":"<p>&nbsp;<\/p>\n<ul>\n<li><strong><em>Renovaci\u00f3n de estructuras municipales<\/em><\/strong><\/li>\n<\/ul>\n<p>&nbsp;<\/p>\n<h6>Arturo Baena<\/h6>\n<p>&nbsp;<\/p>\n<div id=\"attachment_552646\" style=\"width: 470px\" class=\"wp-caption aligncenter\"><img loading=\"lazy\" decoding=\"async\" aria-describedby=\"caption-attachment-552646\" class=\"size-full wp-image-552646\" src=\"https:\/\/www.diarioimagen.net\/wp-content\/uploads\/2022\/07\/BAENA1-4.jpg\" alt=\"\" width=\"460\" height=\"270\" \/><p id=\"caption-attachment-552646\" class=\"wp-caption-text\">El\u00a0 presidente del Comit\u00e9 Directivo Estatal del PRI, Eric Sevilla, asegur\u00f3 que el tricolor tiene su propia agenda rumbo al proceso electoral 2023.<\/p><\/div>\n<p>&nbsp;<\/p>\n<p><strong>Toluca, Estado de M\u00e9xico.\u2014<\/strong> Mientras que algunos aspirantes a la candidatura al gobierno del Estado de M\u00e9xico ya levantaron la mano, el\u00a0 presidente del Comit\u00e9 Directivo Estatal (CDE) del PRI, Eric Sevilla, asegur\u00f3 que la ruta cr\u00edtica ante la elecci\u00f3n de gobernador est\u00e1 compuesta en primera instancia por la renovaci\u00f3n de las estructuras municipales y seccionales, la realizaci\u00f3n de foros para integrar una plataforma electoral y la consolidaci\u00f3n de una eventual alianza partidista para competir en 2023.<\/p>\n<p>Al culminar su evaluaci\u00f3n para la integraci\u00f3n de los consejos pol\u00edticos municipales, el dirigente estatal dijo que el PRI tiene su propia agenda y camina en torno a sus tiempos que dedica al robustecimiento de cada c\u00e9lula partidista en los 125 municipios del Estado de M\u00e9xico.<\/p>\n<p>Cuestionado por los preparativos para afrontar los comicios del pr\u00f3ximo a\u00f1o, sostuvo que \u201cla renovaci\u00f3n del partido empez\u00f3 por los consejos de gobierno municipal porque siempre es bueno refrescarlos con inclusi\u00f3n de expresiones pol\u00edticas y que se encuentre representada toda la militancia del partido\u201d.<\/p>\n<p>Posteriormente, se continuar\u00e1 con los comit\u00e9s municipales y con los comit\u00e9s seccionales, \u201cvan caminando muy bien y esperamos terminar en un par de meses todo el proceso interno, con el fin de tener en tiempo y forma a toda la estructura que trabajar\u00e1 y cuya prioridad es ganar la elecci\u00f3n del Estado de M\u00e9xico\u201d.<\/p>\n<p>Asegur\u00f3 que hay condiciones para ganar la gubernatura con trabajo de la base militante y un liderazgo fuerte, y en su momento con una candidatura competitiva e intachable. De igual forma con una plataforma electoral que atienda las necesidades de los mexiquenses, a\u00f1adi\u00f3.<\/p>\n<p>En ese sentido, sostuvo que el PRI tambi\u00e9n est\u00e1 preparado para armar una plataforma electoral sustentada en una coalici\u00f3n partidista que responda a los temas de seguridad, oferta educativa, desarrollo econ\u00f3mico, entre otros temas relevantes para la sociedad.<\/p>\n<p>\u201cEstoy concentrado en realizar un proceso de fortalecimiento interno de acuerdo a lo presentado ante el consejo pol\u00edtico y estamos cumpliendo a cabalidad, con el fin de dar un resultado en la organizaci\u00f3n interna y trabajo con la militancia\u201d, finaliz\u00f3.<\/p>\n","protected":false},"excerpt":{"rendered":"<p>Mientras que algunos aspirantes a la candidatura al gobierno del Estado de M\u00e9xico ya levantaron la mano, el\u00a0 presidente del Comit\u00e9 Directivo Estatal (CDE) del PRI, Eric Sevilla, asegur\u00f3 que la ruta cr\u00edtica ante la elecci\u00f3n de gobernador est\u00e1 compuesta en primera instancia por la renovaci\u00f3n de las estructuras municipales y seccionales, la realizaci\u00f3n de foros para integrar una plataforma electoral y la consolidaci\u00f3n de una eventual alianza partidista para competir en 2023.<\/p>\n","protected":false},"author":3,"featured_media":552646,"comment_status":"open","ping_status":"open","sticky":false,"template":"","format":"standard","meta":{"_monsterinsights_skip_tracking":false,"_monsterinsights_sitenote_active":false,"_monsterinsights_sitenote_note":"","_monsterinsights_sitenote_category":0,"footnotes":""},"categories":[5],"tags":[95852,43675,452],"class_list":["post-552563","post","type-post","status-publish","format-standard","has-post-thumbnail","hentry","category-estado-de-mexico","tag-comite-directivo-estatal","tag-estado-de-mexico","tag-toluca"],"_links":{"self":[{"href":"https:\/\/www.diarioimagen.net\/index.php?rest_route=\/wp\/v2\/posts\/552563","targetHints":{"allow":["GET"]}}],"collection":[{"href":"https:\/\/www.diarioimagen.net\/index.php?rest_route=\/wp\/v2\/posts"}],"about":[{"href":"https:\/\/www.diarioimagen.net\/index.php?rest_route=\/wp\/v2\/types\/post"}],"author":[{"embeddable":true,"href":"https:\/\/www.diarioimagen.net\/index.php?rest_route=\/wp\/v2\/users\/3"}],"replies":[{"embeddable":true,"href":"https:\/\/www.diarioimagen.net\/index.php?rest_route=%2Fwp%2Fv2%2Fcomments&post=552563"}],"version-history":[{"count":0,"href":"https:\/\/www.diarioimagen.net\/index.php?rest_route=\/wp\/v2\/posts\/552563\/revisions"}],"wp:featuredmedia":[{"embeddable":true,"href":"https:\/\/www.diarioimagen.net\/index.php?rest_route=\/wp\/v2\/media\/552646"}],"wp:attachment":[{"href":"https:\/\/www.diarioimagen.net\/index.php?rest_route=%2Fwp%2Fv2%2Fmedia&parent=552563"}],"wp:term":[{"taxonomy":"category","embeddable":true,"href":"https:\/\/www.diarioimagen.net\/index.php?rest_route=%2Fwp%2Fv2%2Fcategories&post=552563"},{"taxonomy":"post_tag","embeddable":true,"href":"https:\/\/www.diarioimagen.net\/index.php?rest_route=%2Fwp%2Fv2%2Ftags&post=552563"}],"curies":[{"name":"wp","href":"https:\/\/api.w.org\/{rel}","templated":true}]}}